{"id":666623,"date":"2026-01-16T01:32:21","date_gmt":"2026-01-16T01:32:21","guid":{"rendered":"https:\/\/www.europesays.com\/fr\/666623\/"},"modified":"2026-01-16T01:32:21","modified_gmt":"2026-01-16T01:32:21","slug":"la-tribune-dauteuil-partiellement-fermee-pour-psg-lille-ligue-1-j18-psg-lille","status":"publish","type":"post","link":"https:\/\/www.europesays.com\/fr\/666623\/","title":{"rendered":"La tribune d\u2019Auteuil partiellement ferm\u00e9e pour PSG-Lille &#8211; Ligue 1 &#8211; J18 &#8211; PSG-Lille"},"content":{"rendered":"<p data-start=\"0\" data-end=\"425\">Pour la r\u00e9ception de Lille, vendredi soir au Parc des Princes, <strong>une partie de la tribune Auteuil restera orpheline de ses habitu\u00e9s<\/strong>. La commission de discipline de la LFP a tranch\u00e9 ce mercredi en pronon\u00e7ant une fermeture partielle de la tribune <strong>pour un match ferme<\/strong>, avec effet imm\u00e9diat. En cause : l\u2019usage d\u2019engins pyrotechniques <a target=\"_blank\" href=\"https:\/\/www.sofoot.com\/articles\/pour-commencer-2026-le-psg-remporte-la-fete-des-voisins-face-au-pfc\" rel=\"noopener\">lors de la victoire contre le Paris FC<\/a>, le 4 janvier dernier (2-1).<\/p>\n<p data-start=\"0\" data-end=\"425\">La soir\u00e9e en tribunes avait \u00e9t\u00e9 \u00e9lectrique mais ma\u00eetris\u00e9e, la rencontre ayant pu se d\u00e9rouler sans interruption ni d\u00e9bordements. Le club parisien paie en r\u00e9alit\u00e9 aussi pour l\u2019ambiance sonore. La reprise du chant \u00ab\u00a0les rats\u00a0\u00bb, entonn\u00e9 en ch\u0153ur par des supporters du PSG et du Paris FC, a \u00e9galement pes\u00e9 dans la balance. Ce refrain bien connu, adress\u00e9 \u00e0 Marseille, <a target=\"_blank\" href=\"https:\/\/www.sofoot.com\/articles\/ligue-1-le-chant-de-la-discorde-dou-vient-la-comparaison-entre-rats-et-marseillais\" rel=\"noopener\">comporte en effet des paroles \u00e0 caract\u00e8re raciste<\/a>, d\u00e9j\u00e0 point\u00e9es du doigt \u00e0 de nombreuses reprises ces derni\u00e8res ann\u00e9es.<\/p>\n<p data-start=\"0\" data-end=\"425\">Bonne nouvelle au moins pour la tribune Auteuil : cette sanction appliqu\u00e9e avec effet imm\u00e9diat lui permet d\u2019\u00e9viter une suspension lors du prochain rendez-vous \u00e0 domicile, face \u00e0 l\u2019OM.<\/p>\n<p>\t\t\t\t\t\t\t\t\t\t<a class=\"lien-connexe\" href=\"https:\/\/www.sofoot.com\/breves\/coupe-de-france-apres-lelimination-du-psg-luis-enrique-perspicace-ilan-kebbal-jubile\" target=\"_blank\" rel=\"noopener\">Ilan Kebbal : \u00ab\u202fOn a piqu\u00e9 au moment o\u00f9 il le fallait \u00bb<\/a>\t\t\t\t\t<\/p>\n","protected":false},"excerpt":{"rendered":"Pour la r\u00e9ception de Lille, vendredi soir au Parc des Princes, une partie de la tribune Auteuil restera&hellip;\n","protected":false},"author":2,"featured_media":666624,"comment_status":"","ping_status":"","sticky":false,"template":"","format":"standard","meta":{"footnotes":""},"categories":[2815],"tags":[1111,47,11,61,69,65,64,1777,674,63,1011,27,811,68,66,1307,12,62,70,25,67],"class_list":{"0":"post-666623","1":"post","2":"type-post","3":"status-publish","4":"format-standard","5":"has-post-thumbnail","7":"category-lille","8":"tag-actu","9":"tag-actualite","10":"tag-actualites","11":"tag-actus-football","12":"tag-bundesliga","13":"tag-championnats-europeens","14":"tag-equipe-de-france","15":"tag-eu","16":"tag-europe","17":"tag-football","18":"tag-fr","19":"tag-france","20":"tag-hauts-de-france","21":"tag-ligua","22":"tag-ligue-1","23":"tag-lille","24":"tag-news","25":"tag-news-foot","26":"tag-premier-league","27":"tag-republique-francaise","28":"tag-serie-a"},"share_on_mastodon":{"url":"https:\/\/pubeurope.com\/@fr\/115902201590134123","error":""},"_links":{"self":[{"href":"https:\/\/www.europesays.com\/fr\/wp-json\/wp\/v2\/posts\/666623","targetHints":{"allow":["GET"]}}],"collection":[{"href":"https:\/\/www.europesays.com\/fr\/wp-json\/wp\/v2\/posts"}],"about":[{"href":"https:\/\/www.europesays.com\/fr\/wp-json\/wp\/v2\/types\/post"}],"author":[{"embeddable":true,"href":"https:\/\/www.europesays.com\/fr\/wp-json\/wp\/v2\/users\/2"}],"replies":[{"embeddable":true,"href":"https:\/\/www.europesays.com\/fr\/wp-json\/wp\/v2\/comments?post=666623"}],"version-history":[{"count":0,"href":"https:\/\/www.europesays.com\/fr\/wp-json\/wp\/v2\/posts\/666623\/revisions"}],"wp:featuredmedia":[{"embeddable":true,"href":"https:\/\/www.europesays.com\/fr\/wp-json\/wp\/v2\/media\/666624"}],"wp:attachment":[{"href":"https:\/\/www.europesays.com\/fr\/wp-json\/wp\/v2\/media?parent=666623"}],"wp:term":[{"taxonomy":"category","embeddable":true,"href":"https:\/\/www.europesays.com\/fr\/wp-json\/wp\/v2\/categories?post=666623"},{"taxonomy":"post_tag","embeddable":true,"href":"https:\/\/www.europesays.com\/fr\/wp-json\/wp\/v2\/tags?post=666623"}],"curies":[{"name":"wp","href":"https:\/\/api.w.org\/{rel}","templated":true}]}}