{"id":666629,"date":"2026-01-16T01:35:14","date_gmt":"2026-01-16T01:35:14","guid":{"rendered":"https:\/\/www.europesays.com\/fr\/666629\/"},"modified":"2026-01-16T01:35:14","modified_gmt":"2026-01-16T01:35:14","slug":"tiffany-joncour-devoile-un-programme-de-100-millions-deuros-pour-les-colleges","status":"publish","type":"post","link":"https:\/\/www.europesays.com\/fr\/666629\/","title":{"rendered":"Tiffany Joncour d\u00e9voile un programme de 100 millions d&rsquo;euros pour les coll\u00e8ges"},"content":{"rendered":"<p>Et c&rsquo;est la d\u00e9put\u00e9e RN Tiffany Joncour, t\u00eate de liste du parti lep\u00e9niste pour les m\u00e9tropolitaines, qui d\u00e9gaine la premi\u00e8re, clamant vouloir faire de l\u2019\u00e9ducation un axe central de sa campagne.<\/p>\n<p>Dans un communiqu\u00e9 ce jeudi, la parlementaire d\u00e9nonce une \u00ab\u00a0d\u00e9gradation continue\u00a0\u00bb des conditions d\u2019enseignement dans plusieurs coll\u00e8ges de la M\u00e9tropole de Lyon et annonce le lancement prochain d\u2019un programme qu\u2019elle pr\u00e9sente comme \u00ab\u00a0ambitieux et structur\u00e9\u00a0\u00bb \u00e0 destination des \u00e9tablissements et des familles.<\/p>\n<p>Au c\u0153ur de ce programme figure la cr\u00e9ation d\u2019un fonds m\u00e9tropolitain baptis\u00e9 \u00ab\u00a0Coll\u00e8ges d\u2019Avenir\u00a0\u00bb, dot\u00e9 de 100 millions d\u2019euros sur la dur\u00e9e du mandat. L\u2019objectif affich\u00e9 est de financer un vaste plan de r\u00e9novation des \u00e9tablissements jug\u00e9s les plus v\u00e9tustes.<\/p>\n<p>Tiffany Joncour pointe des situations qu\u2019elle estime devenues inacceptables : b\u00e2timents d\u00e9grad\u00e9s, classes mal chauff\u00e9es, \u00e9quipements vieillissants. Selon elle, ces conditions p\u00e8sent directement sur la qualit\u00e9 de l\u2019enseignement et sur le quotidien des \u00e9l\u00e8ves comme des personnels \u00e9ducatifs. Le fonds viserait ainsi \u00e0 remettre \u00e0 niveau les infrastructures scolaires relevant de la comp\u00e9tence m\u00e9tropolitaine.<\/p>\n<p>Trop woke les coll\u00e8ges de l&rsquo;agglom\u00e9ration lyonnaise ? L\u2019\u00e9lue RN critique ce qu\u2019elle qualifie \u00ab\u00a0d\u2019interventions id\u00e9ologiques\u00a0\u00bb au sein des \u00e9tablissements et d\u00e9fend une conception de l\u2019\u00e9tablissement scolaire recentr\u00e9e sur la transmission des savoirs fondamentaux.<\/p>\n<p>Son projet pr\u00e9voit l\u2019instauration d\u2019une charte de neutralit\u00e9 stricte, l\u2019arr\u00eat de certaines interventions ext\u00e9rieures et un renforcement de l\u2019information des parents sur les contenus abord\u00e9s aupr\u00e8s des \u00e9l\u00e8ves. Un positionnement qui s\u2019inscrit clairement dans le d\u00e9bat national sur la place des associations, des th\u00e9matiques soci\u00e9tales et des politiques \u00e9ducatives locales au sein des \u00e9tablissements scolaires.<\/p>\n<p>Le programme port\u00e9 par Tiffany Joncour s\u2019attaque \u00e9galement \u00e0 la politique budg\u00e9taire de la majorit\u00e9 m\u00e9tropolitaine concernant l\u2019enseignement priv\u00e9 sous contrat. La d\u00e9put\u00e9e d\u00e9nonce la suppression, dans le budget 2026 de la M\u00e9tropole, de 2,57 millions d\u2019euros de subventions allou\u00e9es \u00e0 ces \u00e9tablissements.<\/p>\n<p>Une d\u00e9cision qu\u2019elle qualifie de \u00ab\u00a0discrimination budg\u00e9taire\u00a0\u00bb et qu\u2019elle estime contraire au principe d\u2019\u00e9galit\u00e9 entre \u00e9l\u00e8ves. Elle s\u2019engage \u00e0 r\u00e9tablir int\u00e9gralement ces financements, au nom du libre choix \u00e9ducatif des familles et d\u2019un traitement \u00e9quitable entre coll\u00e8ges publics et priv\u00e9s sous contrat.<\/p>\n","protected":false},"excerpt":{"rendered":"Et c&rsquo;est la d\u00e9put\u00e9e RN Tiffany Joncour, t\u00eate de liste du parti lep\u00e9niste pour les m\u00e9tropolitaines, qui d\u00e9gaine&hellip;\n","protected":false},"author":2,"featured_media":666630,"comment_status":"","ping_status":"","sticky":false,"template":"","format":"standard","meta":{"footnotes":""},"categories":[1889],"tags":[1111,11,2813,2190,2430,1109,251,1112,2811,1777,674,118,1011,27,1922,1110,1114,2428,2810,12,241,316,25,2812,517,800],"class_list":{"0":"post-666629","1":"post","2":"type-post","3":"status-publish","4":"format-standard","5":"has-post-thumbnail","7":"category-lyon","8":"tag-actu","9":"tag-actualites","10":"tag-article","11":"tag-asvel","12":"tag-auvergne-rhone-alpes","13":"tag-breves","14":"tag-culture","15":"tag-depeches","16":"tag-economique","17":"tag-eu","18":"tag-europe","19":"tag-faits-divers","20":"tag-fr","21":"tag-france","22":"tag-info","23":"tag-informations","24":"tag-infos","25":"tag-lyon","26":"tag-lyonmag","27":"tag-news","28":"tag-ol","29":"tag-politique","30":"tag-republique-francaise","31":"tag-sociale","32":"tag-sport","33":"tag-transports"},"share_on_mastodon":{"url":"https:\/\/pubeurope.com\/@fr\/115902213213213784","error":""},"_links":{"self":[{"href":"https:\/\/www.europesays.com\/fr\/wp-json\/wp\/v2\/posts\/666629","targetHints":{"allow":["GET"]}}],"collection":[{"href":"https:\/\/www.europesays.com\/fr\/wp-json\/wp\/v2\/posts"}],"about":[{"href":"https:\/\/www.europesays.com\/fr\/wp-json\/wp\/v2\/types\/post"}],"author":[{"embeddable":true,"href":"https:\/\/www.europesays.com\/fr\/wp-json\/wp\/v2\/users\/2"}],"replies":[{"embeddable":true,"href":"https:\/\/www.europesays.com\/fr\/wp-json\/wp\/v2\/comments?post=666629"}],"version-history":[{"count":0,"href":"https:\/\/www.europesays.com\/fr\/wp-json\/wp\/v2\/posts\/666629\/revisions"}],"wp:featuredmedia":[{"embeddable":true,"href":"https:\/\/www.europesays.com\/fr\/wp-json\/wp\/v2\/media\/666630"}],"wp:attachment":[{"href":"https:\/\/www.europesays.com\/fr\/wp-json\/wp\/v2\/media?parent=666629"}],"wp:term":[{"taxonomy":"category","embeddable":true,"href":"https:\/\/www.europesays.com\/fr\/wp-json\/wp\/v2\/categories?post=666629"},{"taxonomy":"post_tag","embeddable":true,"href":"https:\/\/www.europesays.com\/fr\/wp-json\/wp\/v2\/tags?post=666629"}],"curies":[{"name":"wp","href":"https:\/\/api.w.org\/{rel}","templated":true}]}}