{"id":666631,"date":"2026-01-16T01:36:21","date_gmt":"2026-01-16T01:36:21","guid":{"rendered":"https:\/\/www.europesays.com\/fr\/666631\/"},"modified":"2026-01-16T01:36:21","modified_gmt":"2026-01-16T01:36:21","slug":"des-travaux-a-lorigine-dune-fuite-de-gaz-en-centre-ville-tout-un-secteur-paralyse-pendant-quatre-heures","status":"publish","type":"post","link":"https:\/\/www.europesays.com\/fr\/666631\/","title":{"rendered":"des travaux \u00e0 l\u2019origine d\u2019une fuite de gaz en centre-ville, tout un secteur\u00a0paralys\u00e9 pendant quatre heures"},"content":{"rendered":"<p itemprop=\"description\"><strong>Dans un centre-ville d\u00e9j\u00e0 asphyxi\u00e9 par les chantiers, une fuite de gaz est venue compliquer encore un peu plus la matin\u00e9e des Lyonnais.<\/strong><\/p>\n<p>Les pompiers ont \u00e9t\u00e9 appel\u00e9s peu apr\u00e8s 9h30, ce jeudi\u00a015 janvier pour une fuite de gaz signal\u00e9e rue Constantine (Lyon 1er) , \u00e0 proximit\u00e9 imm\u00e9diate de la place des Terreaux et de l\u2019h\u00f4tel de ville.\u00a0<\/p>\n<p>L\u2019intervention s\u2019est prolong\u00e9e jusqu\u2019aux alentours de 13h30. Selon les premiers \u00e9l\u00e9ments, la fuite est survenue au cours de travaux men\u00e9s sur la voie publique. Aucun bless\u00e9 n\u2019est \u00e0 d\u00e9plorer et aucune explosion ne s\u2019est produite. La chauss\u00e9e \u00e9tant d\u00e9j\u00e0 ouverte, les \u00e9quipes ont pu acc\u00e9der plus facilement \u00e0 la canalisation concern\u00e9e afin de s\u00e9curiser la zone.<\/p>\n<p>Par mesure de pr\u00e9caution, la rue a \u00e9t\u00e9 temporairement ferm\u00e9e \u00e0 la circulation. Du gaz s\u2019\u00e9tait \u00e9galement infiltr\u00e9 dans les caves d\u2019un immeuble voisin. Les soldats du feu ont proc\u00e9d\u00e9 \u00e0 leur ventilation afin d\u2019\u00e9carter tout risque pour les occupants.<\/p>\n<p>Cette intervention prolong\u00e9e a tout de m\u00eame eu des cons\u00e9quences sur la circulation, notamment pour plusieurs lignes de bus dont les itin\u00e9raires ont \u00e9t\u00e9 modifi\u00e9s pendant une partie de la matin\u00e9e.<\/p>\n","protected":false},"excerpt":{"rendered":"Dans un centre-ville d\u00e9j\u00e0 asphyxi\u00e9 par les chantiers, une fuite de gaz est venue compliquer encore un peu&hellip;\n","protected":false},"author":2,"featured_media":666632,"comment_status":"","ping_status":"","sticky":false,"template":"","format":"standard","meta":{"footnotes":""},"categories":[1889],"tags":[1111,11,2813,2190,2430,1109,251,1112,2811,1777,674,118,1011,27,1922,1110,1114,2428,2810,12,241,316,25,2812,517,800],"class_list":{"0":"post-666631","1":"post","2":"type-post","3":"status-publish","4":"format-standard","5":"has-post-thumbnail","7":"category-lyon","8":"tag-actu","9":"tag-actualites","10":"tag-article","11":"tag-asvel","12":"tag-auvergne-rhone-alpes","13":"tag-breves","14":"tag-culture","15":"tag-depeches","16":"tag-economique","17":"tag-eu","18":"tag-europe","19":"tag-faits-divers","20":"tag-fr","21":"tag-france","22":"tag-info","23":"tag-informations","24":"tag-infos","25":"tag-lyon","26":"tag-lyonmag","27":"tag-news","28":"tag-ol","29":"tag-politique","30":"tag-republique-francaise","31":"tag-sociale","32":"tag-sport","33":"tag-transports"},"share_on_mastodon":{"url":"https:\/\/pubeurope.com\/@fr\/115902217122974222","error":""},"_links":{"self":[{"href":"https:\/\/www.europesays.com\/fr\/wp-json\/wp\/v2\/posts\/666631","targetHints":{"allow":["GET"]}}],"collection":[{"href":"https:\/\/www.europesays.com\/fr\/wp-json\/wp\/v2\/posts"}],"about":[{"href":"https:\/\/www.europesays.com\/fr\/wp-json\/wp\/v2\/types\/post"}],"author":[{"embeddable":true,"href":"https:\/\/www.europesays.com\/fr\/wp-json\/wp\/v2\/users\/2"}],"replies":[{"embeddable":true,"href":"https:\/\/www.europesays.com\/fr\/wp-json\/wp\/v2\/comments?post=666631"}],"version-history":[{"count":0,"href":"https:\/\/www.europesays.com\/fr\/wp-json\/wp\/v2\/posts\/666631\/revisions"}],"wp:featuredmedia":[{"embeddable":true,"href":"https:\/\/www.europesays.com\/fr\/wp-json\/wp\/v2\/media\/666632"}],"wp:attachment":[{"href":"https:\/\/www.europesays.com\/fr\/wp-json\/wp\/v2\/media?parent=666631"}],"wp:term":[{"taxonomy":"category","embeddable":true,"href":"https:\/\/www.europesays.com\/fr\/wp-json\/wp\/v2\/categories?post=666631"},{"taxonomy":"post_tag","embeddable":true,"href":"https:\/\/www.europesays.com\/fr\/wp-json\/wp\/v2\/tags?post=666631"}],"curies":[{"name":"wp","href":"https:\/\/api.w.org\/{rel}","templated":true}]}}