{"id":666635,"date":"2026-01-16T01:39:13","date_gmt":"2026-01-16T01:39:13","guid":{"rendered":"https:\/\/www.europesays.com\/fr\/666635\/"},"modified":"2026-01-16T01:39:13","modified_gmt":"2026-01-16T01:39:13","slug":"rachida-dati-paris-nest-plus-la-ville-ou-les-choses-se-passent","status":"publish","type":"post","link":"https:\/\/www.europesays.com\/fr\/666635\/","title":{"rendered":"Rachida Dati\u00a0: \u00ab Paris n\u2019est plus la ville o\u00f9 les choses se passent\u00a0\u00bb"},"content":{"rendered":"<p>                Les faits &#8211;<\/p>\n<p>P\u00e9nalit\u00e9s pour les entreprises qui ne respectent pas les d\u00e9lais de travaux sur la voie publique, \u00e9tude d\u2019impact avant tout am\u00e9nagement d\u00e9cid\u00e9 par la mairie, d\u00e9veloppement d\u2019un tourisme mieux r\u00e9parti pour sortir de l\u2019effet \u00ab\u00a0Tour Eiffel\u00a0\u00bb&#8230; La candidate de droite \u00e0 la mairie de Paris d\u00e9voile les mesures de son programme d\u00e9di\u00e9es \u00e0 renforcer l\u2019attractivit\u00e9 \u00e9conomique de la capitale.<\/p>\n<p>Rachida Dati est ministre de la Culture, maire du VIIe arrondissement de la capitale et candidate \u00e0 la mairie de Paris.<\/p>\n<p>Vous d\u00e9voilez aujourd\u2019hui dans l\u2019Opinion vos mesures pour soutenir l\u2019attractivit\u00e9 \u00e9conomique de Paris. Pourquoi\u202f?<\/p>\n","protected":false},"excerpt":{"rendered":"Les faits &#8211; P\u00e9nalit\u00e9s pour les entreprises qui ne respectent pas les d\u00e9lais de travaux sur la voie&hellip;\n","protected":false},"author":2,"featured_media":666636,"comment_status":"","ping_status":"","sticky":false,"template":"","format":"standard","meta":{"footnotes":""},"categories":[1888],"tags":[1111,1928,11,1927,1777,674,1011,27,12,1926,626,1925,25],"class_list":{"0":"post-666635","1":"post","2":"type-post","3":"status-publish","4":"format-standard","5":"has-post-thumbnail","7":"category-paris","8":"tag-actu","9":"tag-actu-paris","10":"tag-actualites","11":"tag-actualites-paris","12":"tag-eu","13":"tag-europe","14":"tag-fr","15":"tag-france","16":"tag-news","17":"tag-news-paris","18":"tag-paris","19":"tag-paris-news","20":"tag-republique-francaise"},"share_on_mastodon":{"url":"https:\/\/pubeurope.com\/@fr\/115902228897067410","error":""},"_links":{"self":[{"href":"https:\/\/www.europesays.com\/fr\/wp-json\/wp\/v2\/posts\/666635","targetHints":{"allow":["GET"]}}],"collection":[{"href":"https:\/\/www.europesays.com\/fr\/wp-json\/wp\/v2\/posts"}],"about":[{"href":"https:\/\/www.europesays.com\/fr\/wp-json\/wp\/v2\/types\/post"}],"author":[{"embeddable":true,"href":"https:\/\/www.europesays.com\/fr\/wp-json\/wp\/v2\/users\/2"}],"replies":[{"embeddable":true,"href":"https:\/\/www.europesays.com\/fr\/wp-json\/wp\/v2\/comments?post=666635"}],"version-history":[{"count":0,"href":"https:\/\/www.europesays.com\/fr\/wp-json\/wp\/v2\/posts\/666635\/revisions"}],"wp:featuredmedia":[{"embeddable":true,"href":"https:\/\/www.europesays.com\/fr\/wp-json\/wp\/v2\/media\/666636"}],"wp:attachment":[{"href":"https:\/\/www.europesays.com\/fr\/wp-json\/wp\/v2\/media?parent=666635"}],"wp:term":[{"taxonomy":"category","embeddable":true,"href":"https:\/\/www.europesays.com\/fr\/wp-json\/wp\/v2\/categories?post=666635"},{"taxonomy":"post_tag","embeddable":true,"href":"https:\/\/www.europesays.com\/fr\/wp-json\/wp\/v2\/tags?post=666635"}],"curies":[{"name":"wp","href":"https:\/\/api.w.org\/{rel}","templated":true}]}}