{"id":666637,"date":"2026-01-16T01:40:15","date_gmt":"2026-01-16T01:40:15","guid":{"rendered":"https:\/\/www.europesays.com\/fr\/666637\/"},"modified":"2026-01-16T01:40:15","modified_gmt":"2026-01-16T01:40:15","slug":"arrete-prefectoral-pour-racing-fc-metz-j18","status":"publish","type":"post","link":"https:\/\/www.europesays.com\/fr\/666637\/","title":{"rendered":"Arr\u00eat\u00e9 Pr\u00e9fectoral pour Racing-FC Metz (J18)"},"content":{"rendered":"<p>La Pr\u00e9fecture du Bas-Rhin a \u00e9mis un arr\u00eat\u00e9 pr\u00e9fectoral concernant la rencontre comptant pour la 18e journ\u00e9e de championnat de France de Ligue 1 McDonald\u2019s, Racing-FC Metz, programm\u00e9 au stade de la Meinau ce dimanche \u00e0 15h00.<\/p>\n<p>Article 1<\/p>\n<p>L\u2019article 1er indique que \u00ab\u00a0il est interdit, le dimanche 18 janvier 2026, de 8h00 \u00e0 24h00, \u00e0 toute personne se pr\u00e9valant de la qualit\u00e9 de supporter du Football Club de Metz, ou se comportant comme tel, de circuler ou stationner sur la voie publique sur les voies et p\u00e9rim\u00e8tres suivants :<\/p>\n<ul class=\"wp-block-list\">\n<li>Gare centrale de Strasbourg (SNCF), place de la gare et rues adjacentes<\/li>\n<li>Grande-\u00cele (ou ellipse insulaire) du centre-ville de Strasbourg, place du Corbeau, rue des Bouchers, rue d\u2019Austerlitz, place d\u2019Austerlitz et rue des fr\u00e8res Eberts, rue du Doubs, voie de contournement sud, avenue de Colmar<\/li>\n<li>Abords du stade de la Meinau (avenue de Colmar, rue Montessori, rue de l\u2019Extenwoerth, rue Staedel, rue de la Flachenbourg, piste Georges Speicher et rue des Ciriers)\u00a0\u00bb<\/li>\n<\/ul>\n<p>Article 2<\/p>\n<p>L\u2019article 2 pr\u00e9cise que \u00ab\u00a0la seule exception \u00e0 cette interdiction concerne les supporters effectuant le d\u00e9placement en bus organis\u00e9 par le Football Club de Metz et sous escorte des forces de s\u00e9curit\u00e9 int\u00e9rieure.<\/p>\n<p>Les d\u00e9placements en v\u00e9hicules individuels des supporters du FC Metz sont interdits.\u00a0\u00bb<\/p>\n<p>Article 3<\/p>\n<p>\u00ab\u00a0La prise en charge des bus de supporters est fix\u00e9e au p\u00e9age de Schwindratzheim (A4), le dimanche 18 janvier 2026 au plus tard \u00e0 13h00.<\/p>\n<p>Les conducteurs des bus des supporters visiteurs devront \u00eatre en nombre suffisant pour leur permettre un temps de repos r\u00e9glementaire, et quitter le stade de la Meinau d\u00e8s la fin de la rencontre.\u00a0\u00bb<\/p>\n<p>Article 4<\/p>\n<p>\u00ab\u00a0Dans le cadre de la rencontre du 18 janvier 2026 entre le Racing Club de Strasbourg Alsace et le Football Club de Metz, le nombre de supporters visiteurs est limit\u00e9 \u00e0 700.\u00a0\u00bb<\/p>\n<p>Article 5<\/p>\n<p>\u00ab\u00a0Sont interdits, le dimanche 18 janvier 2026, de 8h00 \u00e0 24h00, dans le p\u00e9rim\u00e8tre d\u00e9fini \u00e0 l\u2019article 1er et aux abords du stade de la Meinau :<\/p>\n<ul class=\"wp-block-list\">\n<li>la possession, le transport, l\u2019utilisation de tous p\u00e9tards, artifices ou fumig\u00e8nes ou tout objet pouvant \u00eatre utilis\u00e9 comme projectile et tous autres objets pouvant constituer une arme au sens de l\u2019article 132-75 du code p\u00e9nal<\/li>\n<li>la possession et le transport de toute boisson alcoolis\u00e9e\u00a0\u00bb<\/li>\n<\/ul>\n<p>Article 6<\/p>\n<p>\u00ab\u00a0Le sous-pr\u00e9fet, secr\u00e9taire g\u00e9n\u00e9ral adjoint du pr\u00e9fet de la r\u00e9gion Grand Est, pr\u00e9fet de la zone de d\u00e9fense et de s\u00e9curit\u00e9 Est, pr\u00e9fet du Bas-Rhin, le contr\u00f4leur g\u00e9n\u00e9ral, directeur interd\u00e9partemental de la police nationale du Bas-Rhin, le g\u00e9n\u00e9ral, commandant le groupement de gendarmerie d\u00e9partementale du Bas-Rhin, la maire de Strasbourg sont charg\u00e9s, chacun en ce qui le concerne, de l\u2019ex\u00e9cution du pr\u00e9sent arr\u00eat\u00e9, lequel sera publi\u00e9 au recueil des actes administratifs de la pr\u00e9fecture du Bas-Rhin, notifi\u00e9 au procureur de la R\u00e9publique pr\u00e8s le tribunal judiciaire de Strasbourg, et aux pr\u00e9sidents des clubs concern\u00e9s.\u00a0\u00bb<\/p>\n","protected":false},"excerpt":{"rendered":"La Pr\u00e9fecture du Bas-Rhin a \u00e9mis un arr\u00eat\u00e9 pr\u00e9fectoral concernant la rencontre comptant pour la 18e journ\u00e9e de&hellip;\n","protected":false},"author":2,"featured_media":522628,"comment_status":"","ping_status":"","sticky":false,"template":"","format":"standard","meta":{"footnotes":""},"categories":[1888],"tags":[1111,1928,11,1927,1777,674,1011,27,12,1926,626,1925,25],"class_list":{"0":"post-666637","1":"post","2":"type-post","3":"status-publish","4":"format-standard","5":"has-post-thumbnail","7":"category-paris","8":"tag-actu","9":"tag-actu-paris","10":"tag-actualites","11":"tag-actualites-paris","12":"tag-eu","13":"tag-europe","14":"tag-fr","15":"tag-france","16":"tag-news","17":"tag-news-paris","18":"tag-paris","19":"tag-paris-news","20":"tag-republique-francaise"},"share_on_mastodon":{"url":"https:\/\/pubeurope.com\/@fr\/115902232919860880","error":""},"_links":{"self":[{"href":"https:\/\/www.europesays.com\/fr\/wp-json\/wp\/v2\/posts\/666637","targetHints":{"allow":["GET"]}}],"collection":[{"href":"https:\/\/www.europesays.com\/fr\/wp-json\/wp\/v2\/posts"}],"about":[{"href":"https:\/\/www.europesays.com\/fr\/wp-json\/wp\/v2\/types\/post"}],"author":[{"embeddable":true,"href":"https:\/\/www.europesays.com\/fr\/wp-json\/wp\/v2\/users\/2"}],"replies":[{"embeddable":true,"href":"https:\/\/www.europesays.com\/fr\/wp-json\/wp\/v2\/comments?post=666637"}],"version-history":[{"count":0,"href":"https:\/\/www.europesays.com\/fr\/wp-json\/wp\/v2\/posts\/666637\/revisions"}],"wp:featuredmedia":[{"embeddable":true,"href":"https:\/\/www.europesays.com\/fr\/wp-json\/wp\/v2\/media\/522628"}],"wp:attachment":[{"href":"https:\/\/www.europesays.com\/fr\/wp-json\/wp\/v2\/media?parent=666637"}],"wp:term":[{"taxonomy":"category","embeddable":true,"href":"https:\/\/www.europesays.com\/fr\/wp-json\/wp\/v2\/categories?post=666637"},{"taxonomy":"post_tag","embeddable":true,"href":"https:\/\/www.europesays.com\/fr\/wp-json\/wp\/v2\/tags?post=666637"}],"curies":[{"name":"wp","href":"https:\/\/api.w.org\/{rel}","templated":true}]}}