{"id":666638,"date":"2026-01-16T01:41:16","date_gmt":"2026-01-16T01:41:16","guid":{"rendered":"https:\/\/www.europesays.com\/fr\/666638\/"},"modified":"2026-01-16T01:41:16","modified_gmt":"2026-01-16T01:41:16","slug":"un-comedien-dalencon-incarne-francois-mitterrand-dans-lettres-a-anne-jusquen-mars-a-la-scala-paris","status":"publish","type":"post","link":"https:\/\/www.europesays.com\/fr\/666638\/","title":{"rendered":"Un com\u00e9dien d\u2019Alen\u00e7on incarne Fran\u00e7ois Mitterrand dans \u00ab Lettres \u00e0 Anne \u00bb, jusqu\u2019en mars \u00e0 la Scala Paris"},"content":{"rendered":"<p>                    Par<br \/>\n        <strong><br \/>\n            <a href=\"https:\/\/actu.fr\/auteur\/karina-pujeolle\" title=\"Consulter tous les articles de Karina Pujeolle\" target=\"_blank\" rel=\"noopener\">Karina Pujeolle<\/a><br \/>\n                    <\/strong><\/p>\n<p>        Publi\u00e9 le<\/p>\n<p>            15 janv. 2026 \u00e0 18h34        <\/p>\n<p class=\"ac-article-content__question\">Samuel Churin, vous interpr\u00e9tez \u00ab\u2009Lettres \u00e0 Anne\u2009\u00bb \u00e0 la Scala Paris tous les dimanches du 18\u00a0janvier au 8\u00a0mars. Comment ce projet est-il n\u00e9\u2009?<\/p>\n<p class=\" wall-content\">Il est n\u00e9 \u00e0 Paris dans une toute petite salle. Il a \u00e9t\u00e9 initi\u00e9 par C\u00e9line Roux qui a fait l\u2019adaptation des lettres. J\u2019ai \u00e9t\u00e9 choisi sur audition. Puis le projet a grandi et le directeur de la Scala a ador\u00e9 le spectacle.<\/p>\n<p class=\" wall-content\">\u00c0 partir de l\u00e0, nous avons chang\u00e9 de dimension. Le projet a connu un grand succ\u00e8s et de nombreux articles dans la presse nationale (Le Monde et T\u00e9l\u00e9rama notamment qui a attribu\u00e9 3T, ndlr] pendant le festival d\u2019Avignon.<\/p>\n<p>    <img   decoding=\"async\" loading=\"lazy\" class=\"size-large\" src=\"https:\/\/www.europesays.com\/fr\/wp-content\/uploads\/2026\/01\/2fe99ae1a469653f99ae1a46937f99v-960x640.jpg\" alt=\"Samuel Churin et C\u00e9line Roux jouent le spectacle \u00ab\u00a0Lettres \u00e0 Anne\u00a0\u00bb, adaptation des lettres de Mitterrand \u00e0 Anne Pingeot, tous les dimanches du 18 janvier au 8 mars avec deux jeudis suppl\u00e9mentaires les 15 et 22 janvier \u00e0 la Scala Paris.\" width=\"960\" height=\"640\"\/><br \/>\n    Samuel Churin et C\u00e9line Roux jouent le spectacle \u00ab\u2009Lettres \u00e0 Anne\u2009\u00bb, adaptation des lettres de Mitterrand \u00e0 Anne Pingeot, tous les dimanches du 18\u00a0janvier au 8\u00a0mars avec deux jeudis suppl\u00e9mentaires les 15 et 22\u00a0janvier \u00e0 la Scala Paris. \u00a9Matthieu Rapilly<\/p>\n<p class=\"ac-article-content__question wall-content\">Ce r\u00f4le vous permet-il de d\u00e9couvrir un Mitterrand diff\u00e9rent de l\u2019image qu\u2019il v\u00e9hiculait en tant que chef d\u2019\u00c9tat\u2009?<\/p>\n<p class=\" wall-content\">On y d\u00e9couvre un Mitterrand tr\u00e8s diff\u00e9rent de l\u2019image publique. Car c\u2019est un Mitterrand amoureux au sang chaud. C\u2019est un Mitterrand manipulateur mais tr\u00e8s amoureux et tr\u00e8s fragile aussi. Cette fragilit\u00e9 est ce qui l\u2019\u00e9loigne le plus de l\u2019image que l\u2019on a de lui.<\/p>\n<p class=\"ac-article-content__question wall-content\">Il avait un phras\u00e9 particulier, un exercice de s\u2019en rapprocher vous a-t-il \u00e9t\u00e9 propos\u00e9\u2009?<\/p>\n<p class=\" wall-content\">Je ne cherche pas du tout \u00e0 imiter Mitterrand. Mais le spectacle n\u2019est pas une lecture. C\u2019est un mano \u00e0 mano tr\u00e8s incarn\u00e9. Ceci dit, certaines personnes reconnaissent Mitterrand gr\u00e2ce \u00e0 la langue. La parole est performative. Parler avec les mots d\u2019un autre vous fait devenir cet autre.<\/p>\n<p>Vid\u00e9os : en ce moment sur Actu<br \/>\n    <img   decoding=\"async\" loading=\"lazy\" class=\"size-large\" src=\"https:\/\/www.europesays.com\/fr\/wp-content\/uploads\/2026\/01\/9b549ae1a46969f549ae1a46983649v-960x640.jpg\" alt=\"Samuel Churin et C\u00e9line Roux jouent le spectacle \u00ab\u00a0Lettres \u00e0 Anne\u00a0\u00bb, adaptation des lettres de Mitterrand \u00e0 Anne Pingeot, tous les dimanches du 18 janvier au 8 mars avec deux jeudis suppl\u00e9mentaires les 15 et 22 janvier \u00e0 la Scala Paris.\" width=\"960\" height=\"640\"\/><br \/>\n    Samuel Churin et C\u00e9line Roux jouent le spectacle \u00ab\u2009Lettres \u00e0 Anne\u2009\u00bb, adaptation des lettres de Mitterrand \u00e0 Anne Pingeot, tous les dimanches du 18\u00a0janvier au 8\u00a0mars avec deux jeudis suppl\u00e9mentaires les 15 et 22\u00a0janvier \u00e0 la Scala Paris. \u00a9Matthieu Rapilly<\/p>\n<p class=\"ac-article-content__question wall-content\">Ce spectacle a connu un franc succ\u00e8s au festival d\u2019Avignon l\u2019\u00e9t\u00e9 dernier. Comment l\u2019analysez-vous\u2009? Est ce la qualit\u00e9 des \u00e9changes entre les deux personnages ou la relation longtemps cach\u00e9e entre les deux qui fait se d\u00e9placer la foule\u2009?<\/p>\n<p class=\" wall-content\">Le succ\u00e8s est multiple\u2009: d\u00e9couvrir cette histoire d\u2019amour hors du commun, entendre cette langue exceptionnelle \u2013 c\u2019est la v\u00e9ritable \u0153uvre litt\u00e9raire de Mitterrand \u2013 et, pour bon nombre de personnes, assister \u00e0 une histoire qu\u2019elles reconnaissent.<\/p>\n<p>Votre r\u00e9gion, votre actu !<\/p>\n<p>Recevez chaque jour les infos qui comptent pour vous.<\/p>\n<p>\t<a href=\"https:\/\/actu.fr\/newsletter\" class=\"ac-btn ac-btn--corner ac-btn--medium ac-btn--blue800\" target=\"_blank\" rel=\"noopener\">S&rsquo;incrire<\/a><\/p>\n<p class=\" wall-content\">En effet, nous avons rencontr\u00e9 de nombreuses spectatrices qui nous ont avou\u00e9 avoir v\u00e9cu avec un homme mari\u00e9. Beaucoup de femmes se reconnaissent dans la figure d\u2019Anne.<\/p>\n<p>    <img   decoding=\"async\" loading=\"lazy\" class=\"size-large\" src=\"https:\/\/www.europesays.com\/fr\/wp-content\/uploads\/2026\/01\/9a5b9ae1a46969e5b9ae1a469626b9v-948x640.jpg\" alt=\"Samuel Churin et C\u00e9line Roux jouent le spectacle \u00ab\u00a0Lettres \u00e0 Anne\u00a0\u00bb, adaptation des lettres de Mitterrand \u00e0 Anne Pingeot, tous les dimanches du 18 janvier au 8 mars avec deux jeudis suppl\u00e9mentaires les 15 et 22 janvier \u00e0 la Scala Paris.\" width=\"948\" height=\"640\"\/><br \/>\n    Samuel Churin et C\u00e9line Roux jouent le spectacle \u00ab\u2009Lettres \u00e0 Anne\u2009\u00bb, adaptation des lettres de Mitterrand \u00e0 Anne Pingeot, tous les dimanches du 18\u00a0janvier au 8\u00a0mars avec deux jeudis suppl\u00e9mentaires les 15 et 22\u00a0janvier \u00e0 la Scala Paris. \u00a9Matthieu Rapilly<\/p>\n<p class=\"ac-article-content__question wall-content\">Alors que nous venons de c\u00e9l\u00e9brer le 30e anniversaire de la mort de Mitterrand (le 8\u00a0janvier), jouer ce spectacle \u00e0 Paris rev\u00eat-il un autre sens\u2009?<\/p>\n<p class=\" wall-content\">Nous sommes dans l\u2019actualit\u00e9\u2009: 30\u00a0ans de la mort de Mitterrand et 10\u00a0ans de la sortie du livre chez Gallimard. Alors qu\u2019une s\u00e9rie est diffus\u00e9e sur France 2 sur la vie de Mitterrand, que plusieurs documentaires sont diffus\u00e9s, ce spectacle offre un parfait compl\u00e9ment. Car ce n\u2019est pas tant Mitterrand que nous mettons en avant.<\/p>\n<p class=\" wall-content\">Mais la figure d\u2019Anne Pingeot. Une femme libre, parfaitement consciente de ce qu\u2019elle vivait et ma\u00eetresse de son destin. C\u2019est aussi ce renversement-l\u00e0 qui passionne les gens. C\u2019est ce que C\u00e9line Roux a voulu mettre en avant\u2009: cette r\u00e9habilitation de cette femme de l\u2019ombre \u00e9tait n\u00e9cessaire.<\/p>\n<p>Samuel Churin et C\u00e9line Roux jouent le spectacle \u00ab\u2009Lettres \u00e0 Anne\u2009\u00bb, adaptation des lettres de Mitterrand \u00e0 Anne Pingeot, tous les dimanches du 18\u00a0janvier au 8\u00a0mars \u00e0 17\u2009h\u200915 avec deux jeudis suppl\u00e9mentaires les 15 et 22\u00a0janvier \u00e0 21\u2009h\u200915 \u00e0 la Scala Paris. Dur\u00e9e\u2009: 1\u2009h\u200910. Tarif\u2009: 30\u00a0\u20ac. R\u00e9servations\u2009: lascala-paris.fr\/programmation\/lettres-a-anne\/<\/p>\n<p class=\" wall-content\">Personnalisez votre actualit\u00e9 en ajoutant vos villes et m\u00e9dias en favori avec <a href=\"https:\/\/moncompte.actu.fr\" title=\"D\u00e9couvez Mon Actu\" rel=\"nofollow noopener\" data-trk=\"{&quot;cta&quot;:{&quot;action&quot;:&quot;https:\\\/\\\/moncompte.actu.fr&quot;,&quot;category&quot;:&quot;mon compte&quot;,&quot;from&quot;:&quot;article footer&quot;,&quot;name&quot;:&quot;Mon actu&quot;,&quot;type&quot;:&quot;cta&quot;}}\" target=\"_blank\">Mon Actu<\/a>.<\/p>\n","protected":false},"excerpt":{"rendered":"Par Karina Pujeolle Publi\u00e9 le 15 janv. 2026 \u00e0 18h34 Samuel Churin, vous interpr\u00e9tez \u00ab\u2009Lettres \u00e0 Anne\u2009\u00bb \u00e0&hellip;\n","protected":false},"author":2,"featured_media":666639,"comment_status":"","ping_status":"","sticky":false,"template":"","format":"standard","meta":{"footnotes":""},"categories":[1888],"tags":[11,1777,674,1011,27,1652,12,626,25],"class_list":{"0":"post-666638","1":"post","2":"type-post","3":"status-publish","4":"format-standard","5":"has-post-thumbnail","7":"category-paris","8":"tag-actualites","9":"tag-eu","10":"tag-europe","11":"tag-fr","12":"tag-france","13":"tag-loisirs-culture","14":"tag-news","15":"tag-paris","16":"tag-republique-francaise"},"share_on_mastodon":{"url":"https:\/\/pubeurope.com\/@fr\/115902236939087264","error":""},"_links":{"self":[{"href":"https:\/\/www.europesays.com\/fr\/wp-json\/wp\/v2\/posts\/666638","targetHints":{"allow":["GET"]}}],"collection":[{"href":"https:\/\/www.europesays.com\/fr\/wp-json\/wp\/v2\/posts"}],"about":[{"href":"https:\/\/www.europesays.com\/fr\/wp-json\/wp\/v2\/types\/post"}],"author":[{"embeddable":true,"href":"https:\/\/www.europesays.com\/fr\/wp-json\/wp\/v2\/users\/2"}],"replies":[{"embeddable":true,"href":"https:\/\/www.europesays.com\/fr\/wp-json\/wp\/v2\/comments?post=666638"}],"version-history":[{"count":0,"href":"https:\/\/www.europesays.com\/fr\/wp-json\/wp\/v2\/posts\/666638\/revisions"}],"wp:featuredmedia":[{"embeddable":true,"href":"https:\/\/www.europesays.com\/fr\/wp-json\/wp\/v2\/media\/666639"}],"wp:attachment":[{"href":"https:\/\/www.europesays.com\/fr\/wp-json\/wp\/v2\/media?parent=666638"}],"wp:term":[{"taxonomy":"category","embeddable":true,"href":"https:\/\/www.europesays.com\/fr\/wp-json\/wp\/v2\/categories?post=666638"},{"taxonomy":"post_tag","embeddable":true,"href":"https:\/\/www.europesays.com\/fr\/wp-json\/wp\/v2\/tags?post=666638"}],"curies":[{"name":"wp","href":"https:\/\/api.w.org\/{rel}","templated":true}]}}