{"id":666650,"date":"2026-01-16T01:47:20","date_gmt":"2026-01-16T01:47:20","guid":{"rendered":"https:\/\/www.europesays.com\/fr\/666650\/"},"modified":"2026-01-16T01:47:20","modified_gmt":"2026-01-16T01:47:20","slug":"allemagne-un-timide-retour-a-la-croissance-apres-deux-ans-de-recession","status":"publish","type":"post","link":"https:\/\/www.europesays.com\/fr\/666650\/","title":{"rendered":"Allemagne : un timide retour \u00e0 la croissance apr\u00e8s deux ans de r\u00e9cession"},"content":{"rendered":"<p>\n  Par&amp;nbsp<b>Euronews<\/b>&amp;nbspavec&amp;nbsp<b>AP<\/b>\n<\/p>\n<p>\n                    Publi\u00e9 le                 15\/01\/2026 &#8211; 18:57 UTC+1<br \/>\n                \u2022Mis \u00e0 jour<br \/>\n                                     20:22\n                                        <\/p>\n<p>Bonne nouvelle, l\u2019\u00e9conomie allemande, fragilis\u00e9e, <strong>a renou\u00e9 avec une croissance modeste<\/strong> l\u2019an dernier, apr\u00e8s deux ann\u00e9es de recul de la production, selon les chiffres officiels.<\/p>\n<p>L\u2019augmentation du produit int\u00e9rieur brut de 0,2 % en 2025 a \u00e9t\u00e9 port\u00e9e par une consommation des m\u00e9nages et des d\u00e9penses publiques plus vigoureuses, tandis que les exportations ont fl\u00e9chi sous l\u2019effet d\u2019une politique commerciale am\u00e9ricaine plus restrictive sous la pr\u00e9sidence de Donald Trump, a indiqu\u00e9 jeudi l\u2019Office f\u00e9d\u00e9ral de la statistique allemand.<\/p>\n<p><strong>Cela fait suite \u00e0 des contractions de 0,5 % en 2024 et de 0,9 % en 2023.<\/strong><\/p>\n<p>\u00ab Les exportations allemandes ont affront\u00e9 de forts vents contraires en raison de tarifs douaniers am\u00e9ricains plus \u00e9lev\u00e9s, de l\u2019appr\u00e9ciation de l\u2019euro et d\u2019une concurrence accrue de la Chine \u00bb, a d\u00e9clar\u00e9 la pr\u00e9sidente de l\u2019Office f\u00e9d\u00e9ral de la statistique, Ruth Brand, dans un communiqu\u00e9 accompagnant la publication.<\/p>\n<p>Les attentes ont augment\u00e9 pour que l\u2019Allemagne enregistre enfin une croissance plus vigoureuse cette ann\u00e9e, le gouvernement du chancelier Friedrich Merz mettant en \u0153uvre des plans visant \u00e0 accro\u00eetre les d\u00e9penses d\u2019infrastructures notamment pour des ponts, les lignes ferroviaires afin de rattraper des ann\u00e9es de sous-investissement. <\/p>\n<p>Parall\u00e8lement, les d\u00e9penses de d\u00e9fense augmentent en raison d\u2019un niveau de menace jug\u00e9 plus \u00e9lev\u00e9 <strong>venant de la Russie apr\u00e8s son invasion de l\u2019Ukraine.<\/strong><\/p>\n<p><strong>La Covid-19, mais pas que<\/strong><\/p>\n<p>L\u2019Allemagne a comme beaucoup de ses voisins europ\u00e9ens, travers\u00e9 une longue p\u00e9riode de stagnation <strong>apr\u00e8s la pand\u00e9mie de Covid-19<\/strong>.<\/p>\n<p><strong>La hausse des co\u00fbts de l\u2019\u00e9nergie<\/strong> cons\u00e9cutive \u00e0 la guerre en Ukraine et la <strong>concurrence croissante de la Chine<\/strong> dans des secteurs cl\u00e9s de l\u2019industrie allemande, comme l\u2019automobile et les machines industrielles, ont aussi frein\u00e9 une \u00e9conomie fortement tourn\u00e9e vers les exportations.<\/p>\n<p><strong>Puis Donald Trump a impos\u00e9 des droits de douane<\/strong> plus \u00e9lev\u00e9s, des taxes \u00e0 l\u2019importation, sur les biens en provenance de l\u2019Union europ\u00e9enne.<\/p>\n<p>La faible croissance a aussi mis en lumi\u00e8re des probl\u00e8mes structurels de long terme, comme une bureaucratie excessive et un manque de main-d\u2019\u0153uvre qualifi\u00e9e.<\/p>\n<p><strong>Le renforcement de l\u2019euro<\/strong> a \u00e9galement rendu les exportations moins comp\u00e9titives sur le plan des prix.<\/p>\n<p><strong>Le ch\u00f4mage en hausse<\/strong><\/p>\n<p>En 2025, le nombre de demandeurs d\u2019emploi a augment\u00e9, avec une moyenne annuelle d\u2019environ 2,948 millions de personnes sans emploi, soit une hausse de plus de 160 000 compar\u00e9 \u00e0 2024, niveau le plus \u00e9lev\u00e9 depuis une douzaine d\u2019ann\u00e9es.<\/p>\n<p>Le taux de ch\u00f4mage s&rsquo;\u00e9tablit <strong>autour de 6,3 %<\/strong>, signe d\u2019un march\u00e9 du travail plus fragile par rapport aux ann\u00e9es pr\u00e9c\u00e9dentes.<\/p>\n<p>Le ralentissement de l\u2019activit\u00e9 \u00e9conomique, notamment dans l\u2019industrie exerce une pression sur les chiffres de l\u2019emploi. <\/p>\n<p><strong>Et en 2026 ?<\/strong><\/p>\n<p>Un groupe d\u2019\u00e9conomistes pr\u00e9voit une croissance du produit int\u00e9rieur brut (PIB) de <strong>0,9 % en 2026<\/strong>. <\/p>\n<p>Ils soulignent toutefois que cette projection reste fragile et pourrait \u00eatre compromise si l\u2019augmentation des d\u00e9penses publiques, cens\u00e9e relancer l\u2019\u00e9conomie, n\u2019est pas mise en \u0153uvre aussi rapidement que pr\u00e9vu par le gouvernement dirig\u00e9 par Friedrich Merz. <\/p>\n","protected":false},"excerpt":{"rendered":"Par&amp;nbspEuronews&amp;nbspavec&amp;nbspAP Publi\u00e9 le 15\/01\/2026 &#8211; 18:57 UTC+1 \u2022Mis \u00e0 jour 20:22 Bonne nouvelle, l\u2019\u00e9conomie allemande, fragilis\u00e9e, a renou\u00e9&hellip;\n","protected":false},"author":2,"featured_media":666651,"comment_status":"","ping_status":"","sticky":false,"template":"","format":"standard","meta":{"footnotes":""},"categories":[1587],"tags":[11,672,1804,1805,1803,45971,30559,1777,674,1801,12,1802],"class_list":{"0":"post-666650","1":"post","2":"type-post","3":"status-publish","4":"format-standard","5":"has-post-thumbnail","7":"category-allemagne","8":"tag-actualites","9":"tag-allemagne","10":"tag-bundesrepublik-deutschland","11":"tag-de","12":"tag-deutschland","13":"tag-economie-allemande","14":"tag-economie-europeenne","15":"tag-eu","16":"tag-europe","17":"tag-germany","18":"tag-news","19":"tag-republique-federale-dallemagne"},"share_on_mastodon":{"url":"https:\/\/pubeurope.com\/@fr\/115902260417477937","error":""},"_links":{"self":[{"href":"https:\/\/www.europesays.com\/fr\/wp-json\/wp\/v2\/posts\/666650","targetHints":{"allow":["GET"]}}],"collection":[{"href":"https:\/\/www.europesays.com\/fr\/wp-json\/wp\/v2\/posts"}],"about":[{"href":"https:\/\/www.europesays.com\/fr\/wp-json\/wp\/v2\/types\/post"}],"author":[{"embeddable":true,"href":"https:\/\/www.europesays.com\/fr\/wp-json\/wp\/v2\/users\/2"}],"replies":[{"embeddable":true,"href":"https:\/\/www.europesays.com\/fr\/wp-json\/wp\/v2\/comments?post=666650"}],"version-history":[{"count":0,"href":"https:\/\/www.europesays.com\/fr\/wp-json\/wp\/v2\/posts\/666650\/revisions"}],"wp:featuredmedia":[{"embeddable":true,"href":"https:\/\/www.europesays.com\/fr\/wp-json\/wp\/v2\/media\/666651"}],"wp:attachment":[{"href":"https:\/\/www.europesays.com\/fr\/wp-json\/wp\/v2\/media?parent=666650"}],"wp:term":[{"taxonomy":"category","embeddable":true,"href":"https:\/\/www.europesays.com\/fr\/wp-json\/wp\/v2\/categories?post=666650"},{"taxonomy":"post_tag","embeddable":true,"href":"https:\/\/www.europesays.com\/fr\/wp-json\/wp\/v2\/tags?post=666650"}],"curies":[{"name":"wp","href":"https:\/\/api.w.org\/{rel}","templated":true}]}}