{"id":666654,"date":"2026-01-16T01:49:15","date_gmt":"2026-01-16T01:49:15","guid":{"rendered":"https:\/\/www.europesays.com\/fr\/666654\/"},"modified":"2026-01-16T01:49:15","modified_gmt":"2026-01-16T01:49:15","slug":"jai-eu-limpression-de-voir-un-episode-de-strip-tease-une-folle-histoire-sinvite-a-la-barre-du-tribunal-de-brest","status":"publish","type":"post","link":"https:\/\/www.europesays.com\/fr\/666654\/","title":{"rendered":"\u00ab\u00a0J\u2019ai eu l\u2019impression de voir un \u00e9pisode de \u00ab\u00a0Strip-Tease\u00a0\u00bb\u00a0\u00bb\u00a0: une folle histoire s&rsquo;invite \u00e0 la barre du tribunal de Brest"},"content":{"rendered":"<p>Ce jeudi 15 janvier 2026, c\u2019est une folle histoire d\u2019argent qui a occup\u00e9 la fin d\u2019apr\u00e8s-midi du tribunal judiciaire de Brest. Un homme de 81 ans a comparu pour avoir, entre 2018 et 2022, abus\u00e9 de la fragilit\u00e9 d\u2019un autre homme, alors \u00e2g\u00e9 et d\u00e9c\u00e9d\u00e9 depuis, pour lui soutirer de l\u2019argent.<\/p>\n<p>Il fallait s\u2019accrocher pour suivre cette histoire d\u2019argent, de brevet r\u00e9volutionnaire dont le pr\u00e9venu serait en possession, d\u2019une qu\u00eate d\u2019investisseurs locaux mais surtout \u00e9trangers, \u00e0 grand renfort de voyages en Suisse, \u00e0 Gibraltar, au Maghreb, en Arabie Saoudite\u2026 Mais concr\u00e8tement, de quoi est-il question\u00a0? D\u2019un homme \u00e0 qui le pr\u00e9venu aurait soutir\u00e9 plus de 87\u00a0000 \u20ac sous pr\u00e9texte de financer un projet incroyable, une entreprise qui cherche \u00e0 vendre \u00e0 des gens haut plac\u00e9s le brevet d\u2019un proc\u00e9d\u00e9 pour extraire de l\u2019eau douce depuis l\u2019eau de mer, le mis en cause parlant de rencontrer des secr\u00e9taires d\u2019\u00c9tats d\u2019Afrique du Nord ou encore\u2026 le prince ben Salmane.<\/p>\n<p>L\u2019homme nie tout abus<\/p>\n<p>Du c\u00f4t\u00e9 du tribunal, les questions s\u2019axent essentiellement sur les mouvements d\u2019argent, sur les volumes repr\u00e9sent\u00e9s, sur la pertinence de cette histoire de brevet. L\u2019homme a du mal \u00e0 trouver ses mots, ses r\u00e9ponses, mais nie tout abus.<\/p>\n<p>Pour le procureur Rollin, il n\u2019y a pas de doute, l\u2019homme n\u2019ignorait rien de l\u2019\u00e9tat de sa victime. Il rel\u00e8ve m\u00eame une phrase d\u2019audition o\u00f9 l\u2019homme dit de son ami qu\u2019au bon temps de leur relation, \u00ab\u00a0il n\u2019\u00e9tait pas encore totalement d\u00e9bile\u00a0\u00bb. Le magistrat requiert douze mois de sursis simple.<\/p>\n<p>Une expertise psychiatrique peu flatteuse<\/p>\n<p>Vient ensuite la prise de parole de la d\u00e9fense. Me Michelet prend le contre-pied de son client, se basant sur une expertise psychiatrique r\u00e9cente et qui pr\u00e9sente son client d\u2019une mani\u00e8re peu flatteuse\u00a0: m\u00e9galomane, parano\u00efaque, menteur\u2026 Pour lui, cette histoire de brevet et de voyages \u00ab\u00a0n\u2019est que l\u2019expression de son trouble\u00a0\u00bb. \u00ab\u00a0Devant ce dossier, j\u2019ai eu l\u2019impression de voir un \u00e9pisode de l&rsquo;\u00e9mission t\u00e9l\u00e9 \u00ab\u00a0Strip-Tease\u00a0\u00bb\u00a0\u00bb, dit l&rsquo;avocat, en se demandant ce qui est v\u00e9rit\u00e9 ou maladie. Il plaide la relaxe, soulignant l\u2019absence d\u2019une r\u00e9elle intention derri\u00e8re ses actes. Le tribunal relaxe l\u2019homme, ne parvenant pas \u00e0 s\u2019assurer de la vuln\u00e9rabilit\u00e9 de l\u2019autre partie au moment des virements.<\/p>\n","protected":false},"excerpt":{"rendered":"Ce jeudi 15 janvier 2026, c\u2019est une folle histoire d\u2019argent qui a occup\u00e9 la fin d\u2019apr\u00e8s-midi du tribunal&hellip;\n","protected":false},"author":2,"featured_media":666655,"comment_status":"","ping_status":"","sticky":false,"template":"","format":"standard","meta":{"footnotes":""},"categories":[1586],"tags":[11,3450,1777,674,1779,1011,27,303,12,25,3693,59739,20701,1778,364],"class_list":{"0":"post-666654","1":"post","2":"type-post","3":"status-publish","4":"format-standard","5":"has-post-thumbnail","7":"category-europe","8":"tag-actualites","9":"tag-brest","10":"tag-eu","11":"tag-europe","12":"tag-european-union","13":"tag-fr","14":"tag-france","15":"tag-justice","16":"tag-news","17":"tag-republique-francaise","18":"tag-tribunal","19":"tag-tribunal-de-brest","20":"tag-tribunal-judiciaire-de-brest","21":"tag-ue","22":"tag-union-europeenne"},"share_on_mastodon":{"url":"https:\/\/pubeurope.com\/@fr\/115902268414779859","error":""},"_links":{"self":[{"href":"https:\/\/www.europesays.com\/fr\/wp-json\/wp\/v2\/posts\/666654","targetHints":{"allow":["GET"]}}],"collection":[{"href":"https:\/\/www.europesays.com\/fr\/wp-json\/wp\/v2\/posts"}],"about":[{"href":"https:\/\/www.europesays.com\/fr\/wp-json\/wp\/v2\/types\/post"}],"author":[{"embeddable":true,"href":"https:\/\/www.europesays.com\/fr\/wp-json\/wp\/v2\/users\/2"}],"replies":[{"embeddable":true,"href":"https:\/\/www.europesays.com\/fr\/wp-json\/wp\/v2\/comments?post=666654"}],"version-history":[{"count":0,"href":"https:\/\/www.europesays.com\/fr\/wp-json\/wp\/v2\/posts\/666654\/revisions"}],"wp:featuredmedia":[{"embeddable":true,"href":"https:\/\/www.europesays.com\/fr\/wp-json\/wp\/v2\/media\/666655"}],"wp:attachment":[{"href":"https:\/\/www.europesays.com\/fr\/wp-json\/wp\/v2\/media?parent=666654"}],"wp:term":[{"taxonomy":"category","embeddable":true,"href":"https:\/\/www.europesays.com\/fr\/wp-json\/wp\/v2\/categories?post=666654"},{"taxonomy":"post_tag","embeddable":true,"href":"https:\/\/www.europesays.com\/fr\/wp-json\/wp\/v2\/tags?post=666654"}],"curies":[{"name":"wp","href":"https:\/\/api.w.org\/{rel}","templated":true}]}}