{"id":666658,"date":"2026-01-16T01:51:19","date_gmt":"2026-01-16T01:51:19","guid":{"rendered":"https:\/\/www.europesays.com\/fr\/666658\/"},"modified":"2026-01-16T01:51:19","modified_gmt":"2026-01-16T01:51:19","slug":"girondins-on-ne-la-ramene-pas-quand-on-doit-de-largent-reponse-cinglante-de-frederic-legrand-a-gerard-lopez","status":"publish","type":"post","link":"https:\/\/www.europesays.com\/fr\/666658\/","title":{"rendered":"Girondins : \u00ab\u00a0On ne la ram\u00e8ne pas quand on doit de l&rsquo;argent\u00a0\u00bb, r\u00e9ponse cinglante de Fr\u00e9d\u00e9ric Legrand \u00e0 G\u00e9rard Lopez"},"content":{"rendered":"<p><img decoding=\"async\" src=\"https:\/\/www.europesays.com\/fr\/wp-content\/uploads\/2026\/01\/671_e36e787914dfded5eff06a33f2b78b08.jpg\" alt=\"Girondins : &quot;On ne la ram\u00e8ne pas quand on doit de l'argent&quot;, r\u00e9ponse cinglante de Fr\u00e9d\u00e9ric Legrand \u00e0 G\u00e9rard Lopez\" class=\"img-responsive mt-3\"\/><\/p>\n<p class=\"text-center mb-3\" style=\"font-size: 14px\">\u00a9 Iconsport<\/p>\n<p>      <strong>Dettes et transferts : le pr\u00e9sident de Guingamp d\u00e9zingue la gestion de G\u00e9rard Lopez<\/strong><\/p>\n<p style=\"text-align: justify;\">La guerre par m\u00e9dias interpos\u00e9s continue entre <a href=\"https:\/\/www.webgirondins.com\/actualite-girondins-girondins-gerard-lopez-nous-sommes-souvent-contactes-par-des-fonds-d-investissement-par-des-investisseurs-131789\" target=\"_blank\" rel=\"noopener\">G\u00e9rard Lopez<\/a>, pr\u00e9sident et propri\u00e9taire des Girondins de Bordeaux, et ses anciens partenaires de Ligue 2. Apr\u00e8s que G\u00e9rard Lopez a fustig\u00e9 dans les colonnes de L&rsquo;\u00c9quipe : \u00ab\u00a0Ouvrir sa gueule quand on ne prend pas de risques, c&rsquo;est hyper facile\u00a0\u00bb, la r\u00e9ponse du pr\u00e9sident de l&rsquo;En-Avant Guingamp, Fr\u00e9d\u00e9ric Legrand, ne s&rsquo;est pas fait attendre. Auparavant le grand avait d\u00e9clar\u00e9 : \u00ab\u00a0J&rsquo;en veux \u00e0 G\u00e9rard Lopez, qui est malhonn\u00eate\u00a0\u00bb.<\/p>\n<p style=\"text-align: justify;\">Legrand a mis une nouvelle couche ce jeudi dans le <a href=\"https:\/\/www.lequipe.fr\/Football\/Actualites\/Frederic-legrand-repond-a-gerard-lopez-quand-on-doit-de-l-argent-a-quelqu-un-on-paie-sinon-on-ne-la-ramene-pas\/1633759\" target=\"_blank\" rel=\"noopener\">quotidien fran\u00e7ais<\/a> :<\/p>\n<p style=\"text-align: justify;\">\u00ab\u00a0Je n&rsquo;ai aucune le\u00e7on \u00e0 recevoir de ce monsieur. Moi, je suis l\u00e0 pour d\u00e9fendre les int\u00e9r\u00eats de mon club. Je suis \u00e0 l&rsquo;En-Avant depuis 41 ans, dont 25 comme b\u00e9n\u00e9vole. Donc la valeur de l&rsquo;argent, moi, je la connais. Les investissements de M. Lopez, ce n&rsquo;est pas mon probl\u00e8me, mais il y a une r\u00e8gle de base dans le business, c&rsquo;est quand on fait des achats, on paye ses fournisseurs. Et donc, ce monsieur, il doit 3,6 millions d&rsquo;euros \u00e0 trois clubs fran\u00e7ais aujourd&rsquo;hui,\u00a0\u00bb a r\u00e9pliqu\u00e9 le pr\u00e9sident breton.<\/p>\n<p><strong>Une dette de 400 000 \u20ac pour J\u00e9r\u00e9my Livolant<\/strong><\/p>\n<p style=\"text-align: justify;\">Le c\u0153ur du conflit repose sur des factures impay\u00e9es. Les Girondins de Bordeaux n&rsquo;ont toujours pas r\u00e9gl\u00e9 la totalit\u00e9 du transfert de J\u00e9r\u00e9my Livolant, effectu\u00e9 en juillet 2023 :<\/p>\n<p style=\"text-align: justify;\">&#8211; Derni\u00e8re \u00e9ch\u00e9ance : 400 000 \u20ac toujours dus \u00e0 Guingamp.<\/p>\n<p style=\"text-align: justify;\">&#8211; Historique : Le pr\u00e9sident breton affirme avoir d\u00e9j\u00e0 eu d&rsquo;importantes difficult\u00e9s pour r\u00e9cup\u00e9rer la deuxi\u00e8me traite.<\/p>\n<p style=\"text-align: justify;\">&#8211; Tendence : Legrand se dit convaincu que son club ne verra jamais la couleur de cet argent.<\/p>\n<p>Voici ce qu&rsquo;il a d\u00e9clar\u00e9 \u00e0 L&rsquo;\u00c9quipe : \u00ab\u00a0Mais quand on doit de l&rsquo;argent \u00e0 quelqu&rsquo;un, on paie. Sinon, on ne la ram\u00e8ne pas. C&rsquo;\u00e9tait le seul pr\u00e9sident \u00e0 l&rsquo;\u00e9poque en Ligue 2 qui ne parlait \u00e0 personne. M\u00eame quand on allait dans son stade, tout juste il nous saluait en d\u00e9but de match et il repartait apr\u00e8s\u00a0\u00bb.<\/p>\n<p><strong>La pol\u00e9mique \u00ab\u00a0Ligue 1+\u00a0\u00bb en toile de fond<\/strong><\/p>\n<p style=\"text-align: justify;\">Le pr\u00e9sident guingampais ne dig\u00e8re pas non plus la d\u00e9cision de la plateforme Ligue 1+ de diffuser les matchs \u00e0 domicile des Girondins en National 2, y voyant un traitement de faveur injustifi\u00e9. S&rsquo;il a interpell\u00e9 Nicolas de Tavernost \u00e0 ce sujet, il attend toujours de conna\u00eetre le \u00ab\u00a0deal exact\u00a0\u00bb derri\u00e8re cette exposition m\u00e9diatique inattendue pour un club de quatri\u00e8me division dont il lui reste des dettes \u00e0 payer \u00e0 d&rsquo;autres clubs fran\u00e7ais.<\/p>\n<p style=\"text-align: justify;\">Voici le d\u00e9tail des montants de transfert non pay\u00e9s par Bordeaux \u00e0 leurs homologues :<\/p>\n<p style=\"text-align: justify;\"><strong>AEK Ath\u00e8nes<\/strong> : 600 000\u20ac &#8211; transfert de Cl\u00e9ment Michelin.<br \/><strong>Amiens SC<\/strong> : 3 000 000\u20ac &#8211; transfert d&rsquo;Aliou Badji.<br \/><strong>Dinamo Batumi<\/strong> : 550 000\u20ac &#8211; transfert de Zuriko Davitashvili.<br \/><strong>En avant Guingamp<\/strong> : 500 000\u20ac &#8211; transfert de J\u00e9r\u00e9my Livolant.<br \/><strong>FCV Farul<\/strong> : 190 000\u20ac &#8211; transfert d&rsquo;Alexi Pitu.<br \/><strong>Le LOSC<\/strong> : 201 250\u20ac &#8211; transfert pr\u00e9sum\u00e9 de Junior Onana.<br \/><strong>NK Maribor<\/strong> : 2 021 250\u20ac &#8211; transfert de Zan Vipotnik.<br \/><strong>Real Sporting Gijon<\/strong> : 1 500 000\u20ac &#8211; transfert de Pedro Diaz.<\/p>\n<p style=\"text-align: justify;\">Rappelons que dans le plan de continuation valid\u00e9 par le tribunal de commerce de Bordeaux au mois de juin 2025, le FCGB doit rembourser seulement 10% de ses dettes de transfert. Elles s&rsquo;\u00e9l\u00e8vent \u00e0 presque 10M\u20ac, tous clubs confondus.<\/p>\n<p>\u00c0 lire &gt;&gt;\u00a0<strong><a href=\"https:\/\/www.webgirondins.com\/actualite-girondins-girondins-bixente-lizarazu-evoque-rolland-courbis-on-attendait-ses-causeries-avec-impatience-131787\" target=\"_blank\" rel=\"noopener\">Girondins : Bixente Lizarazu \u00e9voque Rolland Courbis, \u00ab\u00a0on attendait ses causeries avec impatience<\/a><\/strong><\/p>\n<p style=\"text-align: justify;\">Notre podcast court sur l&rsquo;actu des Girondins :<\/p>\n","protected":false},"excerpt":{"rendered":"\u00a9 Iconsport Dettes et transferts : le pr\u00e9sident de Guingamp d\u00e9zingue la gestion de G\u00e9rard Lopez La guerre&hellip;\n","protected":false},"author":2,"featured_media":666659,"comment_status":"","ping_status":"","sticky":false,"template":"","format":"standard","meta":{"footnotes":""},"categories":[2],"tags":[11,1261,9821,3917,1997,76684,1446,5404,2834,2263,1011,27,14143,8294,1987,4044,76685,8295,7636,12,5241,396,55124,19294,5033,25,5104,31598],"class_list":{"0":"post-666658","1":"post","2":"type-post","3":"status-publish","4":"format-standard","5":"has-post-thumbnail","7":"category-actualites","8":"tag-actualites","9":"tag-argent","10":"tag-attaques","11":"tag-avant","12":"tag-bordeaux","13":"tag-cinglante","14":"tag-dans","15":"tag-doit","16":"tag-entre","17":"tag-equipe","18":"tag-fr","19":"tag-france","20":"tag-frederic","21":"tag-gerard","22":"tag-girondins","23":"tag-guingamp","24":"tag-legrand","25":"tag-lopez","26":"tag-monte","27":"tag-news","28":"tag-on","29":"tag-quand","30":"tag-ramene","31":"tag-replique","32":"tag-reponse","33":"tag-republique-francaise","34":"tag-suite","35":"tag-violemment"},"share_on_mastodon":{"url":"https:\/\/pubeurope.com\/@fr\/115902276140373039","error":""},"_links":{"self":[{"href":"https:\/\/www.europesays.com\/fr\/wp-json\/wp\/v2\/posts\/666658","targetHints":{"allow":["GET"]}}],"collection":[{"href":"https:\/\/www.europesays.com\/fr\/wp-json\/wp\/v2\/posts"}],"about":[{"href":"https:\/\/www.europesays.com\/fr\/wp-json\/wp\/v2\/types\/post"}],"author":[{"embeddable":true,"href":"https:\/\/www.europesays.com\/fr\/wp-json\/wp\/v2\/users\/2"}],"replies":[{"embeddable":true,"href":"https:\/\/www.europesays.com\/fr\/wp-json\/wp\/v2\/comments?post=666658"}],"version-history":[{"count":0,"href":"https:\/\/www.europesays.com\/fr\/wp-json\/wp\/v2\/posts\/666658\/revisions"}],"wp:featuredmedia":[{"embeddable":true,"href":"https:\/\/www.europesays.com\/fr\/wp-json\/wp\/v2\/media\/666659"}],"wp:attachment":[{"href":"https:\/\/www.europesays.com\/fr\/wp-json\/wp\/v2\/media?parent=666658"}],"wp:term":[{"taxonomy":"category","embeddable":true,"href":"https:\/\/www.europesays.com\/fr\/wp-json\/wp\/v2\/categories?post=666658"},{"taxonomy":"post_tag","embeddable":true,"href":"https:\/\/www.europesays.com\/fr\/wp-json\/wp\/v2\/tags?post=666658"}],"curies":[{"name":"wp","href":"https:\/\/api.w.org\/{rel}","templated":true}]}}