{"id":666667,"date":"2026-01-16T02:01:11","date_gmt":"2026-01-16T02:01:11","guid":{"rendered":"https:\/\/www.europesays.com\/fr\/666667\/"},"modified":"2026-01-16T02:01:11","modified_gmt":"2026-01-16T02:01:11","slug":"lol-etait-injouable-a-ce-niveau-cest-fini","status":"publish","type":"post","link":"https:\/\/www.europesays.com\/fr\/666667\/","title":{"rendered":"L&rsquo;OL \u00e9tait injouable \u00e0 ce niveau, c&rsquo;est fini"},"content":{"rendered":"<p><b>Longtemps consid\u00e9r\u00e9 comme une r\u00e9f\u00e9rence en France et en Europe, le centre de formation de l&rsquo;Olympique Lyonnais est en perte de vitesse, comme l&rsquo;indique le dernier rapport de l&rsquo;Observatoire du football CIES.<\/b><\/p>\n<p>L&rsquo;Olympique Lyonnais a longtemps b\u00e2ti sa r\u00e9putation sur son centre de formation. Devenue un \u00e9l\u00e9ment majeur du d\u00e9veloppement du club \u00e0 l&rsquo;\u00e9chelle nationale et europ\u00e9enne, l&rsquo;OL Academy accuse toutefois d&rsquo;une perte de vitesse malgr\u00e9 son rayonnement toujours important. Ce mercredi dans sa lettre hebdomadaire n\u00b0529, l&rsquo;Observatoire du football CIES a publi\u00e9 le classement des meilleurs clubs formateurs pour des joueurs du big 5. Sont list\u00e9s les clubs qui ont form\u00e9 le plus grand nombre de joueurs align\u00e9s dans les cinq grands championnats depuis le d\u00e9but de la saison en cours. Si le classement est syst\u00e9matiquement domin\u00e9 par le FC Barcelone et le Real Madrid depuis au moins une d\u00e9cennie, la France a aussi son mot \u00e0 dire. M\u00eame avec le ralentissement net de l&rsquo;<a href=\"https:\/\/www.foot01.com\/ol\" target=\"_self\" rel=\"noopener\">OL<\/a>&#8230;Le centre de formation de l&rsquo;OL chute<\/p>\n<p>Avec 21 joueurs issus de son centre de formation qui ont \u00e9t\u00e9 align\u00e9s entre le d\u00e9but de la saison en cours et le 12 janvier 2026, l&rsquo;Olympique Lyonnais n&rsquo;est que le 11e meilleur club formateur dans le big 5 europ\u00e9en. Une position qui aurait pu \u00eatre satisfaisante mais qui ne l&rsquo;est pas du tout compte tenu de son rang lors des ann\u00e9es pr\u00e9c\u00e9dentes. Au global, depuis le 1er janvier 2016 soit sur les dix derni\u00e8res ann\u00e9es, l&rsquo;OL est le 4e meilleur club formateur d&rsquo;Europe, devant des mastodontes comme Manchester United ou le Bayern Munich. Une d\u00e9cadence qui peut s&rsquo;expliquer par une p\u00e9riode tr\u00e8s d\u00e9licate travers\u00e9e en parall\u00e8le par le club rhodanien. La r\u00e9cente nomination de Christian Bassila au poste de Directeur de l&rsquo;OL Academy est toutefois un signal fort envoy\u00e9 par les dirigeants, lesquels veulent se construire un avenir radieux en faisant \u00e9clore les talents de son centre de formation.<\/p>\n<p>Avec 40 joueurs sur le circuit issus de son centre de formation, le Bar\u00e7a culmine en haut du classement, devant le Real Madrid (35), le PSG (31) et le Stade Rennais (29) qui a fait une remont\u00e9e spectaculaire entre les 5 derni\u00e8res ann\u00e9es et aujourd&rsquo;hui.<\/p>\n","protected":false},"excerpt":{"rendered":"Longtemps consid\u00e9r\u00e9 comme une r\u00e9f\u00e9rence en France et en Europe, le centre de formation de l&rsquo;Olympique Lyonnais est&hellip;\n","protected":false},"author":2,"featured_media":666668,"comment_status":"","ping_status":"","sticky":false,"template":"","format":"standard","meta":{"footnotes":""},"categories":[1410],"tags":[63,1011,27,1922,241,60],"class_list":{"0":"post-666667","1":"post","2":"type-post","3":"status-publish","4":"format-standard","5":"has-post-thumbnail","7":"category-football","8":"tag-football","9":"tag-fr","10":"tag-france","11":"tag-info","12":"tag-ol","13":"tag-sports"},"share_on_mastodon":{"url":"https:\/\/pubeurope.com\/@fr\/115902315560667315","error":""},"_links":{"self":[{"href":"https:\/\/www.europesays.com\/fr\/wp-json\/wp\/v2\/posts\/666667","targetHints":{"allow":["GET"]}}],"collection":[{"href":"https:\/\/www.europesays.com\/fr\/wp-json\/wp\/v2\/posts"}],"about":[{"href":"https:\/\/www.europesays.com\/fr\/wp-json\/wp\/v2\/types\/post"}],"author":[{"embeddable":true,"href":"https:\/\/www.europesays.com\/fr\/wp-json\/wp\/v2\/users\/2"}],"replies":[{"embeddable":true,"href":"https:\/\/www.europesays.com\/fr\/wp-json\/wp\/v2\/comments?post=666667"}],"version-history":[{"count":0,"href":"https:\/\/www.europesays.com\/fr\/wp-json\/wp\/v2\/posts\/666667\/revisions"}],"wp:featuredmedia":[{"embeddable":true,"href":"https:\/\/www.europesays.com\/fr\/wp-json\/wp\/v2\/media\/666668"}],"wp:attachment":[{"href":"https:\/\/www.europesays.com\/fr\/wp-json\/wp\/v2\/media?parent=666667"}],"wp:term":[{"taxonomy":"category","embeddable":true,"href":"https:\/\/www.europesays.com\/fr\/wp-json\/wp\/v2\/categories?post=666667"},{"taxonomy":"post_tag","embeddable":true,"href":"https:\/\/www.europesays.com\/fr\/wp-json\/wp\/v2\/tags?post=666667"}],"curies":[{"name":"wp","href":"https:\/\/api.w.org\/{rel}","templated":true}]}}