{"id":666686,"date":"2026-01-16T02:12:14","date_gmt":"2026-01-16T02:12:14","guid":{"rendered":"https:\/\/www.europesays.com\/fr\/666686\/"},"modified":"2026-01-16T02:12:14","modified_gmt":"2026-01-16T02:12:14","slug":"comment-les-bornes-sont-devenues-une-cible-de-choix-pour-les-voleurs","status":"publish","type":"post","link":"https:\/\/www.europesays.com\/fr\/666686\/","title":{"rendered":"comment les bornes sont devenues une cible de choix pour les voleurs"},"content":{"rendered":"<p itemprop=\"description\">Apr\u00e8s les voies ferr\u00e9es et les chantiers<br \/>\nt\u00e9l\u00e9coms, les pillards de m\u00e9taux ont trouv\u00e9 une nouvelle cible<br \/>\nfacile et lucrative. Partout en France, des stations de recharge<br \/>\nrapide se retrouvent amput\u00e9es de leurs c\u00e2bles, laissant op\u00e9rateurs<br \/>\net usagers sur le carreau.<\/p>\n<p>L\u00a0\u00bbenvol\u00e9e des cours du cuivre, qui fr\u00f4le les 10 000 euros la<br \/>\ntonne, a d\u00e9clench\u00e9 une vague de vandalisme ciblant sp\u00e9cifiquement<br \/>\nles bornes de recharge haute puissance. Les voleurs agissent en<br \/>\nquelques secondes pour r\u00e9cup\u00e9rer quelques kilos de m\u00e9tal, g\u00e9n\u00e9rant<br \/>\ndes d\u00e9g\u00e2ts chiffr\u00e9s en milliers d&rsquo;euros. Face \u00e0 ce fl\u00e9au qui menace<br \/>\nle maillage territorial et la confiance des \u00e9lectromobilistes, la<br \/>\nfili\u00e8re cherche la parade, entre c\u00e2bles renforc\u00e9s au Kevlar et<br \/>\ntraceurs GPS, malgr\u00e9 des surco\u00fbts dissuasifs.<\/p>\n<p>Dix secondes pour couper, 5000 euros pour r\u00e9parer<\/p>\n<p>C&rsquo;est une sc\u00e8ne qui devient tristement banale sur les parkings<br \/>\nde supermarch\u00e9s ou les aires d&rsquo;autoroute. Pierre Yvroud, patron du<br \/>\nsyndicat des \u00e9nergies de Seine-et-Marne (SDESM), soul\u00e8ve la b\u00e2che<br \/>\nd&rsquo;une borne \u00e0 Melun avec un soupir de lassitude. En dessous, plus<br \/>\nrien. <strong>Les c\u00e2bles, gros comme le bras, ont disparu,<br \/>\nsectionn\u00e9s net.<\/strong> \u00ab\u00a0Ils arrivent avec une petite scie ou<br \/>\nun coupe-boulons, et en 5 \u00e0 10 secondes, c&rsquo;est pli\u00e9\u00a0\u00bb,<br \/>\nraconte-t&rsquo;il devant les cam\u00e9ras de <a href=\"https:\/\/www.tf1info.fr\/justice-faits-divers\/video-reportage-ca-nous-met-dans-la-panade-avec-les-bornes-de-recharge-pour-voiture-electrique-les-voleurs-de-cuivre-ont-trouve-une-nouvelle-cible-de-choix-2417325.html\" target=\"_blank\" rel=\"noopener\"><br \/>\nTF1<\/a>. Le calcul des voleurs est simple. Une borne de recharge<br \/>\nrapide contient, dans ses longs c\u00e2bles refroidis par liquide, entre<br \/>\n4 et 5 kilos de cuivre pur. Au cours actuel, ce butin se revend 50,<br \/>\npeut-\u00eatre 100 euros au march\u00e9 noir. Une somme d\u00e9risoire compar\u00e9e \u00e0<br \/>\nla facture laiss\u00e9e \u00e0 l&rsquo;op\u00e9rateur. \u00ab\u00a0Pour nous, c&rsquo;est 5000 euros<br \/>\nde r\u00e9parations\u00a0\u00bb, pr\u00e9cise Pierre Yvroud. Le ratio est<br \/>\naberrant.<\/p>\n<p>Le ph\u00e9nom\u00e8ne n&rsquo;est plus isol\u00e9. Apr\u00e8s avoir s\u00e9vi au Royaume-Uni<br \/>\nou au Portugal, <a href=\"https:\/\/www.autoplus.fr\/environnement\/voiture-electrique\/vols-de-cables-aux-bornes-de-recharge-un-nouveau-fleau-pouvant-freiner-le-developpement-de-lelectrique-1400199.html\" target=\"_blank\" rel=\"noopener\"><br \/>\nil tache d&rsquo;huile en France<\/a>. <strong>La Seine-et-Marne paie un<br \/>\nlourd tribut avec une centaine de c\u00e2bles volatilis\u00e9s dans 25<br \/>\nstations en novembre dernier<\/strong>. L&rsquo;Ille-et-Vilaine, jusqu&rsquo;ici<br \/>\n\u00e9pargn\u00e9e, commence \u00e0 recenser ses premi\u00e8res victimes. Les voleurs<br \/>\nsont organis\u00e9s. Ils utilisent les applications de recharge&#8230; pour<br \/>\nlocaliser leurs cibles. Ironie du sort, l&rsquo;outil cens\u00e9 faciliter la<br \/>\nvie des conducteurs sert de GPS aux pilleurs. <strong>Ils ne visent<br \/>\nque les<\/strong> <a href=\"https:\/\/www.autoplus.fr\/environnement\/voiture-electrique\/la-charge-ultra-rapide-est-elle-le-pire-ennemi-de-votre-batterie-une-nouvelle-etude-seme-le-doute-1418900.html\" target=\"_blank\" rel=\"noopener\"><br \/>\n<strong>bornes rapides<\/strong><\/a> <strong>(DC)<\/strong>, les<br \/>\nseules dont la section de c\u00e2ble est assez grosse pour que le jeu en<br \/>\nvaille la chandelle.<\/p>\n<p>Pour l&rsquo;usager, non seulement il ne peut pas charger, mais<br \/>\nl&rsquo;indisponibilit\u00e9 s&rsquo;\u00e9ternise. Remplacer un c\u00e2ble, souvent fabriqu\u00e9<br \/>\nsur mesure avec son syst\u00e8me de refroidissement, ne se fait pas en<br \/>\nclaquant des doigts. \u00ab\u00a0Cela peut prendre jusqu&rsquo;\u00e0 un mois\u00a0\u00bb,<br \/>\npr\u00e9vient Alain Rolland, fondateur de Stations-e. Un mois durant<br \/>\nlequel l&rsquo;automobiliste en gal\u00e8re d&rsquo;autonomie se retrouve face \u00e0 un<br \/>\n\u00e9cran noir, et l&rsquo;op\u00e9rateur face \u00e0 un manque \u00e0 gagner qui se creuse<br \/>\nchaque jour.<\/p>\n<p>La riposte s&rsquo;organise (mais elle co\u00fbte cher)<\/p>\n<p>Face \u00e0 cette menace, la fili\u00e8re tente de r\u00e9agir. Mobilians,<br \/>\nl&rsquo;organisation patronale du secteur, tire la sonnette d&rsquo;alarme<br \/>\naupr\u00e8s des pr\u00e9fectures pour que ces vols ne soient plus trait\u00e9s<br \/>\ncomme de simples d\u00e9gradations mineures. Car l&rsquo;enjeu est strat\u00e9gique<br \/>\net on ne peut absolument pas pr\u00e9tendre \u00e9lectrifier le parc<br \/>\nautomobile fran\u00e7ais si l&rsquo;infrastructure est vandalis\u00e9e chaque nuit.<br \/>\nLa guerre du blindage a donc commenc\u00e9. Au Portugal, certains<br \/>\nr\u00e9seaux testent des gaines renforc\u00e9es au Kevlar. \u00ab\u00a0C&rsquo;est tr\u00e8s<br \/>\ncostaud, \u00e7a ralentit consid\u00e9rablement la d\u00e9coupe\u00a0\u00bb, explique<br \/>\nAlain Rolland. Le voleur, qui mise tout sur la rapidit\u00e9, abandonne<br \/>\nsouvent s&rsquo;il doit s&rsquo;acharner plus d&rsquo;une minute. \u00c0 Lille, une autre<br \/>\napproche est test\u00e9e, <strong>celle des tissus anti-coupe<br \/>\nenveloppent les c\u00e2bles<\/strong>. Ces protections passives, qui<br \/>\nsemblent certes efficaces, vont malheureusement faire exploser le<br \/>\nprix du mat\u00e9riel, parfois du simple au double.<\/p>\n<p>D&rsquo;autres pistes sont \u00e0 l&rsquo;\u00e9tude. Le marquage du cuivre, comme<br \/>\npour les billets de banque, permettrait de tracer le m\u00e9tal chez les<br \/>\nferrailleurs et de remonter les fili\u00e8res de recel. Des capteurs<br \/>\nconnect\u00e9s aux forces de l&rsquo;ordre pourraient d\u00e9clencher une alarme<br \/>\nd\u00e8s que le c\u00e2ble est manipul\u00e9 anormalement ou coup\u00e9.<br \/>\n<strong>Certains envisagent m\u00eame d&rsquo;int\u00e9grer des<\/strong> <a href=\"https:\/\/www.autoplus.fr\/pratique\/traceur-gps-cache-la-technique-la-plus-efficace-pour-demasquer-534947.html\" target=\"_blank\" rel=\"noopener\"><br \/>\n<strong>traceurs GPS<\/strong><\/a> <strong>directement dans la gaine<br \/>\npour suivre le butin \u00e0 la trace<\/strong>. Mais pour Anne-Sophie<br \/>\nAlsif, \u00e9conomiste chez BDO France, tant que le cours du cuivre<br \/>\nflambera, la tentation restera forte. Avec 155 000 bornes d\u00e9ploy\u00e9es<br \/>\nsur le territoire, le garde-manger des voleurs est immense et<br \/>\nimpossible \u00e0 surveiller en permanence. La solution viendra<br \/>\npeut-\u00eatre d&rsquo;un changement de design radical des bornes (c\u00e2bles<br \/>\nr\u00e9tractables, armoires s\u00e9curis\u00e9es) ou, plus tristement, d&rsquo;une<br \/>\naugmentation du co\u00fbt de la recharge pour financer cette s\u00e9curit\u00e9<br \/>\naccrue. En attendant, l&rsquo;\u00e9lectromobiliste doit ajouter une nouvelle<br \/>\nangoisse \u00e0 celle de la panne, <strong>celle de trouver une borne&#8230;<br \/>\nsans fil<\/strong>.<\/p>\n","protected":false},"excerpt":{"rendered":"Apr\u00e8s les voies ferr\u00e9es et les chantiers t\u00e9l\u00e9coms, les pillards de m\u00e9taux ont trouv\u00e9 une nouvelle cible facile&hellip;\n","protected":false},"author":2,"featured_media":666687,"comment_status":"","ping_status":"","sticky":false,"template":"","format":"standard","meta":{"footnotes":""},"categories":[6],"tags":[35,33,34,1011,27,1638],"class_list":{"0":"post-666686","1":"post","2":"type-post","3":"status-publish","4":"format-standard","5":"has-post-thumbnail","7":"category-economie","8":"tag-business","9":"tag-economie","10":"tag-economy","11":"tag-fr","12":"tag-france","13":"tag-has_diapo"},"share_on_mastodon":{"url":"https:\/\/pubeurope.com\/@fr\/115902358687041761","error":""},"_links":{"self":[{"href":"https:\/\/www.europesays.com\/fr\/wp-json\/wp\/v2\/posts\/666686","targetHints":{"allow":["GET"]}}],"collection":[{"href":"https:\/\/www.europesays.com\/fr\/wp-json\/wp\/v2\/posts"}],"about":[{"href":"https:\/\/www.europesays.com\/fr\/wp-json\/wp\/v2\/types\/post"}],"author":[{"embeddable":true,"href":"https:\/\/www.europesays.com\/fr\/wp-json\/wp\/v2\/users\/2"}],"replies":[{"embeddable":true,"href":"https:\/\/www.europesays.com\/fr\/wp-json\/wp\/v2\/comments?post=666686"}],"version-history":[{"count":0,"href":"https:\/\/www.europesays.com\/fr\/wp-json\/wp\/v2\/posts\/666686\/revisions"}],"wp:featuredmedia":[{"embeddable":true,"href":"https:\/\/www.europesays.com\/fr\/wp-json\/wp\/v2\/media\/666687"}],"wp:attachment":[{"href":"https:\/\/www.europesays.com\/fr\/wp-json\/wp\/v2\/media?parent=666686"}],"wp:term":[{"taxonomy":"category","embeddable":true,"href":"https:\/\/www.europesays.com\/fr\/wp-json\/wp\/v2\/categories?post=666686"},{"taxonomy":"post_tag","embeddable":true,"href":"https:\/\/www.europesays.com\/fr\/wp-json\/wp\/v2\/tags?post=666686"}],"curies":[{"name":"wp","href":"https:\/\/api.w.org\/{rel}","templated":true}]}}