{"id":666714,"date":"2026-01-16T02:30:16","date_gmt":"2026-01-16T02:30:16","guid":{"rendered":"https:\/\/www.europesays.com\/fr\/666714\/"},"modified":"2026-01-16T02:30:16","modified_gmt":"2026-01-16T02:30:16","slug":"ce-magasin-de-chaussures-du-centre-ville-brade-tout-son-stock-avant-de-fermer","status":"publish","type":"post","link":"https:\/\/www.europesays.com\/fr\/666714\/","title":{"rendered":"ce magasin de chaussures du centre-ville brade tout son stock avant de fermer"},"content":{"rendered":"<p>                    Par<br \/>\n        <strong><br \/>\n            <a href=\"https:\/\/actu.fr\/auteur\/ivan-capecchi\" title=\"Consulter tous les articles de Ivan CAPECCHI\" target=\"_blank\" rel=\"noopener\">Ivan CAPECCHI<\/a><br \/>\n                    <\/strong><\/p>\n<p>        Publi\u00e9 le<\/p>\n<p>            15 janv. 2026 \u00e0 11h26        <\/p>\n<p>Apr\u00e8s <a href=\"https:\/\/actu.fr\/grand-est\/strasbourg_67482\/strasbourg-avant-sa-fermeture-definitive-cette-boutique-liquide-tout-son-stock-vendredi-et-samedi_63651404.html\" target=\"_blank\" rel=\"noopener\">Case M\u00e9tisse<\/a> dans le quartier de la <a href=\"https:\/\/actu.fr\/grand-est\/strasbourg_67482\/c-est-tres-joli-a-strasbourg-les-habitants-de-la-krutenau-conquis-par-les-nouveaux-amenagements_61402987.html\" target=\"_blank\" rel=\"noopener\">Krutenau<\/a>, c\u2019est un autre <a href=\"https:\/\/actu.fr\/tag\/commerce\" target=\"_blank\" rel=\"noopener\">commerce<\/a> du centre-ville de <strong>Strasbourg<\/strong> qui s\u2019appr\u00eate \u00e0 baisser le rideau.<\/p>\n<p>-40\u2009% sur tout le stock<\/p>\n<p class=\" wall-content\">En effet, le <strong>magasin de chaussures Kickers<\/strong> de la rue des Francs-Bourgeois est en <strong>d\u00e9stockage total avant fermeture<\/strong>.<\/p>\n<p class=\" wall-content\">Pour le moment, il propose une r\u00e9duction de <strong>40\u2009%<\/strong> sur l\u2019ensemble du magasin.<\/p>\n<p>Kickers de la rue du Noyer reste ouvert<\/p>\n<p class=\" wall-content\">La fermeture est pr\u00e9vue pour <strong>fin janvier<\/strong>, mais cela d\u00e9pendra de l\u2019\u00e9coulement des stocks.<\/p>\n<p class=\" wall-content\">\u00c0 noter que le magasin Kickers de la rue du Noyer reste lui <strong>ouvert<\/strong>.<\/p>\n<p class=\" wall-content\">Personnalisez votre actualit\u00e9 en ajoutant vos villes et m\u00e9dias en favori avec <a href=\"https:\/\/moncompte.actu.fr\" title=\"D\u00e9couvez Mon Actu\" rel=\"nofollow noopener\" data-trk=\"{&quot;cta&quot;:{&quot;action&quot;:&quot;https:\\\/\\\/moncompte.actu.fr&quot;,&quot;category&quot;:&quot;mon compte&quot;,&quot;from&quot;:&quot;article footer&quot;,&quot;name&quot;:&quot;Mon actu&quot;,&quot;type&quot;:&quot;cta&quot;}}\" target=\"_blank\">Mon Actu<\/a>.<\/p>\n","protected":false},"excerpt":{"rendered":"Par Ivan CAPECCHI Publi\u00e9 le 15 janv. 2026 \u00e0 11h26 Apr\u00e8s Case M\u00e9tisse dans le quartier de la&hellip;\n","protected":false},"author":2,"featured_media":666715,"comment_status":"","ping_status":"","sticky":false,"template":"","format":"standard","meta":{"footnotes":""},"categories":[2820],"tags":[1111,11,215,33,1777,674,1011,27,775,12,25,640],"class_list":{"0":"post-666714","1":"post","2":"type-post","3":"status-publish","4":"format-standard","5":"has-post-thumbnail","7":"category-strasbourg","8":"tag-actu","9":"tag-actualites","10":"tag-commerce","11":"tag-economie","12":"tag-eu","13":"tag-europe","14":"tag-fr","15":"tag-france","16":"tag-grand-est","17":"tag-news","18":"tag-republique-francaise","19":"tag-strasbourg"},"share_on_mastodon":{"url":"https:\/\/pubeurope.com\/@fr\/115902429522465541","error":""},"_links":{"self":[{"href":"https:\/\/www.europesays.com\/fr\/wp-json\/wp\/v2\/posts\/666714","targetHints":{"allow":["GET"]}}],"collection":[{"href":"https:\/\/www.europesays.com\/fr\/wp-json\/wp\/v2\/posts"}],"about":[{"href":"https:\/\/www.europesays.com\/fr\/wp-json\/wp\/v2\/types\/post"}],"author":[{"embeddable":true,"href":"https:\/\/www.europesays.com\/fr\/wp-json\/wp\/v2\/users\/2"}],"replies":[{"embeddable":true,"href":"https:\/\/www.europesays.com\/fr\/wp-json\/wp\/v2\/comments?post=666714"}],"version-history":[{"count":0,"href":"https:\/\/www.europesays.com\/fr\/wp-json\/wp\/v2\/posts\/666714\/revisions"}],"wp:featuredmedia":[{"embeddable":true,"href":"https:\/\/www.europesays.com\/fr\/wp-json\/wp\/v2\/media\/666715"}],"wp:attachment":[{"href":"https:\/\/www.europesays.com\/fr\/wp-json\/wp\/v2\/media?parent=666714"}],"wp:term":[{"taxonomy":"category","embeddable":true,"href":"https:\/\/www.europesays.com\/fr\/wp-json\/wp\/v2\/categories?post=666714"},{"taxonomy":"post_tag","embeddable":true,"href":"https:\/\/www.europesays.com\/fr\/wp-json\/wp\/v2\/tags?post=666714"}],"curies":[{"name":"wp","href":"https:\/\/api.w.org\/{rel}","templated":true}]}}