{"id":666716,"date":"2026-01-16T02:31:13","date_gmt":"2026-01-16T02:31:13","guid":{"rendered":"https:\/\/www.europesays.com\/fr\/666716\/"},"modified":"2026-01-16T02:31:13","modified_gmt":"2026-01-16T02:31:13","slug":"metz-les-compos-probables","status":"publish","type":"post","link":"https:\/\/www.europesays.com\/fr\/666716\/","title":{"rendered":"Metz : les compos probables"},"content":{"rendered":"<p>D\u00e9sormais dirig\u00e9 par Gary O&rsquo;Neil, Strasbourg entend bien inverser la tendance, lui qui reste sur une grosse s\u00e9rie sans victoire. Afin de se raccrocher aux \u00e9quipes qui jouent l&rsquo;Europe, le Racing va devoir s&rsquo;imposer dans le derby face \u00e0 Metz. Les Messins, quant \u00e0 eux, sont toujours dans l&rsquo;obligation d&rsquo;engranger des points pour continuer \u00e0 esp\u00e9rer dans la course au maintien. La rencontre sera \u00e0 suivre ce dimanche \u00e0 15h, sur Ligue 1+.<\/p>\n<p>Les compos probables<\/p>\n<p><strong>Strasbourg<\/strong> : Penders &#8211; Ouattara, H\u00f6gbserg, Doukour\u00e9, Chilwell &#8211; El Mourabet, Barco &#8211; Moreira, Enciso, Godo &#8211; Panichelli<\/p>\n<p><strong>Metz<\/strong> : Fischer &#8211; Colin, S. San\u00e9, Gbamin, Ballo-Tour\u00e9 &#8211; Traor\u00e9, Tour\u00e9 &#8211; Mbaye, Hein, Tsitaishvili &#8211; I. San\u00e9<\/p>\n<p>\u00a0<\/p>\n<p>   Partagez cette info avec vos amis et vos proches en cliquant ici<br \/> Pour r\u00e9sumer<\/p>\n<p>Strasbourg, sous Gary O&rsquo;Neil, cherche \u00e0 briser sa s\u00e9rie sans victoire en s&rsquo;imposant face \u00e0 Metz pour rester dans la course \u00e0 l&rsquo;Europe. De son c\u00f4t\u00e9, le FC Metz lutte pour le maintien et doit absolument prendre des points. Derby \u00e0 suivre ce dimanche \u00e0 15h sur Ligue 1+.<\/p>\n<p>R\u00e9dacteur<\/p>\n<p><img decoding=\"async\" width=\"76\" height=\"76\" loading=\"lazy\" src=\"https:\/\/www.europesays.com\/fr\/wp-content\/uploads\/2025\/04\/avatar-onze.webp.webp\" alt=\"Nathan Bricout\"\/><\/p>\n","protected":false},"excerpt":{"rendered":"D\u00e9sormais dirig\u00e9 par Gary O&rsquo;Neil, Strasbourg entend bien inverser la tendance, lui qui reste sur une grosse s\u00e9rie&hellip;\n","protected":false},"author":2,"featured_media":666717,"comment_status":"","ping_status":"","sticky":false,"template":"","format":"standard","meta":{"footnotes":""},"categories":[2820],"tags":[1111,11,1777,674,1011,27,775,66,12,25,640],"class_list":{"0":"post-666716","1":"post","2":"type-post","3":"status-publish","4":"format-standard","5":"has-post-thumbnail","7":"category-strasbourg","8":"tag-actu","9":"tag-actualites","10":"tag-eu","11":"tag-europe","12":"tag-fr","13":"tag-france","14":"tag-grand-est","15":"tag-ligue-1","16":"tag-news","17":"tag-republique-francaise","18":"tag-strasbourg"},"share_on_mastodon":{"url":"https:\/\/pubeurope.com\/@fr\/115902433516606339","error":""},"_links":{"self":[{"href":"https:\/\/www.europesays.com\/fr\/wp-json\/wp\/v2\/posts\/666716","targetHints":{"allow":["GET"]}}],"collection":[{"href":"https:\/\/www.europesays.com\/fr\/wp-json\/wp\/v2\/posts"}],"about":[{"href":"https:\/\/www.europesays.com\/fr\/wp-json\/wp\/v2\/types\/post"}],"author":[{"embeddable":true,"href":"https:\/\/www.europesays.com\/fr\/wp-json\/wp\/v2\/users\/2"}],"replies":[{"embeddable":true,"href":"https:\/\/www.europesays.com\/fr\/wp-json\/wp\/v2\/comments?post=666716"}],"version-history":[{"count":0,"href":"https:\/\/www.europesays.com\/fr\/wp-json\/wp\/v2\/posts\/666716\/revisions"}],"wp:featuredmedia":[{"embeddable":true,"href":"https:\/\/www.europesays.com\/fr\/wp-json\/wp\/v2\/media\/666717"}],"wp:attachment":[{"href":"https:\/\/www.europesays.com\/fr\/wp-json\/wp\/v2\/media?parent=666716"}],"wp:term":[{"taxonomy":"category","embeddable":true,"href":"https:\/\/www.europesays.com\/fr\/wp-json\/wp\/v2\/categories?post=666716"},{"taxonomy":"post_tag","embeddable":true,"href":"https:\/\/www.europesays.com\/fr\/wp-json\/wp\/v2\/tags?post=666716"}],"curies":[{"name":"wp","href":"https:\/\/api.w.org\/{rel}","templated":true}]}}