{"id":666722,"date":"2026-01-16T02:34:43","date_gmt":"2026-01-16T02:34:43","guid":{"rendered":"https:\/\/www.europesays.com\/fr\/666722\/"},"modified":"2026-01-16T02:34:43","modified_gmt":"2026-01-16T02:34:43","slug":"la-fete-des-beaufs-change-de-nom-a-la-demande-de-la-mairie","status":"publish","type":"post","link":"https:\/\/www.europesays.com\/fr\/666722\/","title":{"rendered":"la f\u00eate des beaufs change de nom \u00e0 la demande de la mairie"},"content":{"rendered":"<p>                    Par<br \/>\n        <strong><br \/>\n            <a href=\"https:\/\/actu.fr\/auteur\/laure-gentil\" title=\"Consulter tous les articles de Laure Gentil\" target=\"_blank\" rel=\"noopener\">Laure Gentil<\/a><br \/>\n                    <\/strong><\/p>\n<p>        Publi\u00e9 le<\/p>\n<p>            15 janv. 2026 \u00e0 6h46        <\/p>\n<p>L\u2019humour aurait-il fui <b>Saint-Herblain<\/b>\u2009? Lanc\u00e9 en 2024, le <a href=\"https:\/\/actu.fr\/pays-de-la-loire\/saint-herblain_44162\/nantes-ventriglisse-coupe-mulet-queuleuleu-la-nouvelle-edition-du-slipfest-devoile-sa-programmation_62437932.html\" target=\"_blank\" rel=\"noopener\">Slipfest, cette <\/a><b><a href=\"https:\/\/actu.fr\/pays-de-la-loire\/saint-herblain_44162\/nantes-ventriglisse-coupe-mulet-queuleuleu-la-nouvelle-edition-du-slipfest-devoile-sa-programmation_62437932.html\" target=\"_blank\" rel=\"noopener\">grande f\u00eate des beaufs<\/a>,<\/b> a rencontr\u00e9 le\u00a0<b>succ\u00e8s<\/b> d\u00e8s sa premi\u00e8re \u00e9dition. Pourtant le nom du festival, organis\u00e9 sur le <b>site de la Carri\u00e8re<\/b> en mai par la<b> guinguette Les Nantais,<\/b> a d\u00e9plu \u00e0 la municipalit\u00e9 au point qu\u2019un changement de nom a \u00e9t\u00e9 d\u00e9cid\u00e9 et annonc\u00e9 vendredi 9\u00a0janvier. Le Slipfest est mort, vive le Bobfest. C\u2019est plus sage, il est vrai, mais tout de m\u00eame bien moins dr\u00f4le. Rassurez-vous toutefois, comme l\u2019indiquent Les Nantais en r\u00e9ponse \u00e0 un internaute sur leur compte Instagram\u2009: \u00ab\u2009le dress code reste inchang\u00e9\u2009\u00bb.<\/p>\n<p class=\" wall-content\"><a href=\"https:\/\/www.instagram.com\/p\/DTSsIyIjNUD\/embed\" title=\"Ouvrir le lien sur Instagram\" target=\"_blank\" rel=\"noopener\">Visualiser le contenu sur Instagram<\/a><\/p>\n<p>Une discussion \u00ab\u2009constructive\u2009\u00bb<\/p>\n<p class=\" wall-content\">Selon les organisateurs, \u00ab\u2009devant le succ\u00e8s grandissant de l\u2019\u00e9v\u00e9nement et son d\u00e9veloppement \u00e0 venir, plusieurs institutions [les] ont contact\u00e9s pour [leur] indiquer que le nom du \u201cSlipfest\u201d \u00e9voquait un \u00e9v\u00e9nement \u00e0 caract\u00e8re pornographique, bien qu\u2019ils aient pu constater qu\u2019il n\u2019en \u00e9tait rien\u2009\u00bb.<\/p>\n<p class=\" wall-content\">Une discussion \u00ab\u2009constructive\u2009\u00bb a eu lieu, poussant les cr\u00e9ateurs de la f\u00eate \u00e0 changer de nom pour \u00ab\u2009solutionner tout cela rapidement et efficacement \u00bb.<\/p>\n<blockquote class=\"ac-article-quote wall-content\">\n<p>Notre \u00e9v\u00e9nement est con\u00e7u comme un rassemblement festif, d\u00e9cal\u00e9, familial et bienveillant. Il pr\u00f4ne le second degr\u00e9 et se doit de rester le plus ouvert d\u2019esprit, cool et le moins controvers\u00e9 possible. On l\u2019organise pour permettre \u00e0 tout un chacun de passer un bon moment et de venir chercher un peu de l\u00e9g\u00e8ret\u00e9 dans un monde d\u00e9j\u00e0 bien assez chahut\u00e9 comme \u00e7a. Du coup notre conclusion, c\u2019est simplement de dire que peu importe le nom, on vous pr\u00e9pare une dinguerie et vous n\u2019\u00eates pas pr\u00eats. Parce qu\u2019apr\u00e8s tout, passer du slip au bob est assez logique, non\u2009? Peut-\u00eatre m\u00eame que l\u2019ann\u00e9e prochaine on s\u2019appellera le MarcelFest, qui sait\u2009?<\/p>\n<p>Guinguette Les Nantais<\/p><\/blockquote>\n<p class=\" wall-content\">Contact\u00e9e, la mairie de Saint-Herblain explique que le nom \u00ab\u2009Slipfest\u2009\u00bb ne donnait pas une<b> \u00ab\u2009image tr\u00e8s heureuse et positive\u2009\u00bb <\/b>de la commune, qui souffrirait d\u00e9j\u00e0 d\u2019une image compliqu\u00e9e, d\u2019o\u00f9 la n\u00e9cessit\u00e9 de changer le nom de l\u2019\u00e9v\u00e9nement.<\/p>\n<p>Infos pratiques\u2009: <a href=\"https:\/\/actu.fr\/pays-de-la-loire\/saint-herblain_44162\/sortez-votre-plus-beau-slip-la-grand-messe-des-beaufs-est-de-retour-pres-de-nantes_63412562.html\" target=\"_blank\" rel=\"noopener\">le Bobfest aura lieu les 22, 23 et 24\u00a0mai 2026.<\/a><\/p>\n<p class=\" wall-content\">Personnalisez votre actualit\u00e9 en ajoutant vos villes et m\u00e9dias en favori avec <a href=\"https:\/\/moncompte.actu.fr\" title=\"D\u00e9couvez Mon Actu\" rel=\"nofollow noopener\" data-trk=\"{&quot;cta&quot;:{&quot;action&quot;:&quot;https:\\\/\\\/moncompte.actu.fr&quot;,&quot;category&quot;:&quot;mon compte&quot;,&quot;from&quot;:&quot;article footer&quot;,&quot;name&quot;:&quot;Mon actu&quot;,&quot;type&quot;:&quot;cta&quot;}}\" target=\"_blank\">Mon Actu<\/a>.<\/p>\n<p>                    <script async src=\"\/\/www.instagram.com\/embed.js\"><\/script><\/p>\n","protected":false},"excerpt":{"rendered":"Par Laure Gentil Publi\u00e9 le 15 janv. 2026 \u00e0 6h46 L\u2019humour aurait-il fui Saint-Herblain\u2009? Lanc\u00e9 en 2024, le&hellip;\n","protected":false},"author":2,"featured_media":666723,"comment_status":"","ping_status":"","sticky":false,"template":"","format":"standard","meta":{"footnotes":""},"categories":[2818],"tags":[1111,11,1777,674,849,1011,27,1757,1652,766,12,2636,25],"class_list":{"0":"post-666722","1":"post","2":"type-post","3":"status-publish","4":"format-standard","5":"has-post-thumbnail","7":"category-nantes","8":"tag-actu","9":"tag-actualites","10":"tag-eu","11":"tag-europe","12":"tag-festival","13":"tag-fr","14":"tag-france","15":"tag-insolite","16":"tag-loisirs-culture","17":"tag-nantes","18":"tag-news","19":"tag-pays-de-la-loire","20":"tag-republique-francaise"},"share_on_mastodon":{"url":"https:\/\/pubeurope.com\/@fr\/115902445218132334","error":""},"_links":{"self":[{"href":"https:\/\/www.europesays.com\/fr\/wp-json\/wp\/v2\/posts\/666722","targetHints":{"allow":["GET"]}}],"collection":[{"href":"https:\/\/www.europesays.com\/fr\/wp-json\/wp\/v2\/posts"}],"about":[{"href":"https:\/\/www.europesays.com\/fr\/wp-json\/wp\/v2\/types\/post"}],"author":[{"embeddable":true,"href":"https:\/\/www.europesays.com\/fr\/wp-json\/wp\/v2\/users\/2"}],"replies":[{"embeddable":true,"href":"https:\/\/www.europesays.com\/fr\/wp-json\/wp\/v2\/comments?post=666722"}],"version-history":[{"count":0,"href":"https:\/\/www.europesays.com\/fr\/wp-json\/wp\/v2\/posts\/666722\/revisions"}],"wp:featuredmedia":[{"embeddable":true,"href":"https:\/\/www.europesays.com\/fr\/wp-json\/wp\/v2\/media\/666723"}],"wp:attachment":[{"href":"https:\/\/www.europesays.com\/fr\/wp-json\/wp\/v2\/media?parent=666722"}],"wp:term":[{"taxonomy":"category","embeddable":true,"href":"https:\/\/www.europesays.com\/fr\/wp-json\/wp\/v2\/categories?post=666722"},{"taxonomy":"post_tag","embeddable":true,"href":"https:\/\/www.europesays.com\/fr\/wp-json\/wp\/v2\/tags?post=666722"}],"curies":[{"name":"wp","href":"https:\/\/api.w.org\/{rel}","templated":true}]}}