{"id":666724,"date":"2026-01-16T02:35:20","date_gmt":"2026-01-16T02:35:20","guid":{"rendered":"https:\/\/www.europesays.com\/fr\/666724\/"},"modified":"2026-01-16T02:35:20","modified_gmt":"2026-01-16T02:35:20","slug":"cest-une-demarche-politique-nantes-et-reze-defendent-le-conge-menstruel-devant-la","status":"publish","type":"post","link":"https:\/\/www.europesays.com\/fr\/666724\/","title":{"rendered":"\u00ab\u00a0C\u2019est une d\u00e9marche politique\u00a0\u00bb\u00a0: Nantes et Rez\u00e9 d\u00e9fendent le cong\u00e9 menstruel devant la"},"content":{"rendered":"<tr wp_automatic_readability=\"5.8941176470588\">\n<td valign=\"middle\" align=\"center\" class=\"col-logo\" wp_automatic_readability=\"5\">\n    <img decoding=\"async\" src=\"https:\/\/maville.com\/design\/images\/logo-of-monetise.svg?version=20130627\" alt=\"logo Ouest-France\" height=\"66\"\/><\/p>\n<p>Contenu r\u00e9serv\u00e9 aux abonn\u00e9s<\/p>\n<\/td>\n<td class=\"col-titre\">\n\t\t\tJeudi 15 janvier 2026 18:45<br \/>\n\t\t\t<a class=\"icon-bulle sizeL count\" href=\"#ancreAvis\"><br \/>\n\t&#8230;<br \/>\n<\/a><\/td>\n<\/tr>\n<p>\t\t<a class=\"mavillebox2 elmt-photo\" href=\"https:\/\/maville.com\/photosmvi\/2026\/01\/15\/P35691357D7146103G.jpg\" title=\" Le r\u00e9f\u00e9r\u00e9 recours d\u2019ADES plaide principalement pour le non-franchissement de la RD20 par l\u2019urbanisation de Surzur. Archives Ouest-France  \u00a9  Archives Ouest-France  \" rel=\"galerie_actu noopener\" target=\"_blank\"><br \/>\n\t<img decoding=\"async\" src=\"https:\/\/www.europesays.com\/fr\/wp-content\/uploads\/2026\/01\/P35691357D7146103G_crop_640-330_.jpg\" alt=\"photo  le r\u00e9f\u00e9r\u00e9 recours d\u2019ades plaide principalement pour le non-franchissement de la rd20 par l\u2019urbanisation de surzur. archives ouest-france  \u00a9  archives ouest-france \"\/><br \/>\n\t1<br \/>\n<\/a><\/p>\n<p class=\"elmt-legende\"> Le r\u00e9f\u00e9r\u00e9 recours d\u2019ADES plaide principalement pour le non-franchissement de la RD20 par l\u2019urbanisation de Surzur. Archives Ouest-France  \u00a9  Archives Ouest-France  <\/p>\n<p>\t\tLes communes de Nantes et Rez\u00e9 avaient mis en place des \u00ab\u00a0autorisations sp\u00e9ciales d\u2019absence pour cong\u00e9 menstruel\u00a0\u00bb. Une mesure suspendue par le tribunal administratif \u00e0 la demande la pr\u00e9fecture. Les collectivit\u00e9s persistent devant la cour administrative d\u2019appel.<\/p>\n<p><b>Cet article est r\u00e9serv\u00e9 aux abonn\u00e9s<\/b><\/p>\n<p>Pour un acc\u00e8s imm\u00e9diat, abonnez-vous<\/p>\n<p><b>1\u00e8re semaine offerte<\/b><\/p>\n<p>\t\t Bertrand Merloz \u00a0\u00a0<br \/>\n\t\tOuest-France<\/p>\n<p>Retrouvez d&rsquo;autres actus sur les communes de :<\/p>\n<p>\t\t&#13;<\/p>\n","protected":false},"excerpt":{"rendered":"Contenu r\u00e9serv\u00e9 aux abonn\u00e9s Jeudi 15 janvier 2026 18:45 &#8230; 1 Le r\u00e9f\u00e9r\u00e9 recours d\u2019ADES plaide principalement pour&hellip;\n","protected":false},"author":2,"featured_media":666725,"comment_status":"","ping_status":"","sticky":false,"template":"","format":"standard","meta":{"footnotes":""},"categories":[2818],"tags":[1111,11,1438,33523,57350,48961,1777,674,1011,27,303,33524,766,12,2636,316,25,3740],"class_list":{"0":"post-666724","1":"post","2":"type-post","3":"status-publish","4":"format-standard","5":"has-post-thumbnail","7":"category-nantes","8":"tag-actu","9":"tag-actualites","10":"tag-angers","11":"tag-conge","12":"tag-defendent","13":"tag-demarche","14":"tag-eu","15":"tag-europe","16":"tag-fr","17":"tag-france","18":"tag-justice","19":"tag-menstruel","20":"tag-nantes","21":"tag-news","22":"tag-pays-de-la-loire","23":"tag-politique","24":"tag-republique-francaise","25":"tag-reze"},"share_on_mastodon":{"url":"https:\/\/pubeurope.com\/@fr\/115902449273587561","error":""},"_links":{"self":[{"href":"https:\/\/www.europesays.com\/fr\/wp-json\/wp\/v2\/posts\/666724","targetHints":{"allow":["GET"]}}],"collection":[{"href":"https:\/\/www.europesays.com\/fr\/wp-json\/wp\/v2\/posts"}],"about":[{"href":"https:\/\/www.europesays.com\/fr\/wp-json\/wp\/v2\/types\/post"}],"author":[{"embeddable":true,"href":"https:\/\/www.europesays.com\/fr\/wp-json\/wp\/v2\/users\/2"}],"replies":[{"embeddable":true,"href":"https:\/\/www.europesays.com\/fr\/wp-json\/wp\/v2\/comments?post=666724"}],"version-history":[{"count":0,"href":"https:\/\/www.europesays.com\/fr\/wp-json\/wp\/v2\/posts\/666724\/revisions"}],"wp:featuredmedia":[{"embeddable":true,"href":"https:\/\/www.europesays.com\/fr\/wp-json\/wp\/v2\/media\/666725"}],"wp:attachment":[{"href":"https:\/\/www.europesays.com\/fr\/wp-json\/wp\/v2\/media?parent=666724"}],"wp:term":[{"taxonomy":"category","embeddable":true,"href":"https:\/\/www.europesays.com\/fr\/wp-json\/wp\/v2\/categories?post=666724"},{"taxonomy":"post_tag","embeddable":true,"href":"https:\/\/www.europesays.com\/fr\/wp-json\/wp\/v2\/tags?post=666724"}],"curies":[{"name":"wp","href":"https:\/\/api.w.org\/{rel}","templated":true}]}}