{"id":666728,"date":"2026-01-16T02:37:23","date_gmt":"2026-01-16T02:37:23","guid":{"rendered":"https:\/\/www.europesays.com\/fr\/666728\/"},"modified":"2026-01-16T02:37:23","modified_gmt":"2026-01-16T02:37:23","slug":"combien-sommes-nous-a-bordeaux-le-recensement-est-lance","status":"publish","type":"post","link":"https:\/\/www.europesays.com\/fr\/666728\/","title":{"rendered":"Combien sommes-nous \u00e0 Bordeaux ? Le recensement est lanc\u00e9"},"content":{"rendered":"<p>\tVais-je \u00eatre recens\u00e9\u00a0?<\/p>\n<p>\u00c0 Bordeaux et comme dans toutes les communes de plus de 10\u00a0000\u00a0habitants, le recensement concerne 8\u00a0% des logements. Pas d\u2019inqui\u00e9tude donc si vous \u00eates sollicit\u00e9 cette ann\u00e9e et pas votre voisin\u00a0: tout le monde ne participe pas en m\u00eame temps.<\/p>\n<p>Les foyers concern\u00e9s par cette campagne ont \u00e9t\u00e9 inform\u00e9s par courrier ou par la visite de leur agent recenseur. Ces agents sont facilement reconnaissables\u00a0: ils disposent d\u2019une carte officielle tricolore, avec leur photo et la signature du maire.<\/p>\n<p>\tPourquoi le recensement est-il si important\u00a0?<\/p>\n<p>Le recensement n\u2019est pas qu\u2019une formalit\u00e9. Il a un impact tr\u00e8s concret sur la vie quotidienne.<\/p>\n<p>Pour l\u2019\u00c9tat, il permet de\u00a0:<\/p>\n<ul>\n<li>d\u00e9finir les grandes politiques publiques nationales.<\/li>\n<\/ul>\n<p>Pour les habitants et la ville, il sert notamment \u00e0\u00a0:<\/p>\n<ul>\n<li>calculer la participation financi\u00e8re de l\u2019\u00c9tat au budget communal,<\/li>\n<li>adapter les services publics et les \u00e9quipements (\u00e9coles, transports, \u00e9quipements sportifs\u2026),<\/li>\n<li>d\u00e9cider des programmes de r\u00e9novation,<\/li>\n<li>d\u00e9terminer le nombre d\u2019\u00e9lus au conseil municipal,<\/li>\n<li>anticiper l\u2019ouverture de commerces,<\/li>\n<li>planifier la construction de nouveaux logements.<\/li>\n<\/ul>\n<p>En clair\u00a0: mieux vous \u00eates compt\u00e9s, mieux la ville peut s\u2019organiser.<\/p>\n<p>Comment se d\u00e9roule le recensement\u00a0?<\/p>\n<p>\u00c0 partir du jeudi 15 janvier\u00a02026, les agents recenseurs se rendront au domicile des personnes concern\u00e9es pour remettre\u00a0:<\/p>\n<ul>\n<li>des identifiants de connexion pour r\u00e9pondre en ligne,<\/li>\n<li>des questionnaires papier pour ceux qui le pr\u00e9f\u00e8rent.<\/li>\n<\/ul>\n<p>R\u00e9pondre en ligne (rapide et pratique)<\/p>\n<p>Il suffit de se rendre sur le site <a href=\"https:\/\/www.le-recensement-et-moi.fr\/\" target=\"_blank\" title=\"le-recensement-et-moi.fr (Ouvrir dans une nouvelle fen\u00eatre)\" rel=\"noopener\">le-recensement-et-moi.fr (Ouvrir dans une nouvelle fen\u00eatre)<\/a>, rubrique \u00ab\u00a0R\u00e9pondre en ligne\u00a0\u00bb, puis d\u2019entrer le code d\u2019acc\u00e8s et le mot de passe fournis par l\u2019agent. Ensuite, vous n\u2019avez plus qu\u2019\u00e0 vous laisser guider.<\/p>\n<p>R\u00e9pondre sur papier<\/p>\n<p>L\u2019agent peut vous accompagner pour remplir les documents et reviendra les r\u00e9cup\u00e9rer une fois compl\u00e9t\u00e9s. En cas d\u2019absence fr\u00e9quente, vous pouvez aussi confier les questionnaires remplis (sous enveloppe) \u00e0 un voisin ou \u00e0 une personne de votre immeuble.\u00a0<\/p>\n<p>\u00a0Vous pouvez d\u00e9poser votre questionnaire :<br \/>\u00c0 l&rsquo;H\u00f4tel de ville, place Pey Berland : au p\u00f4le \u00ab\u00a0\u00e9lections\u00a0\u00bb (entr\u00e9e 7, 1er \u00e9tage), du lundi au vendredi de 8h30 \u00e0 18h<br \/>\u00c0 l\u2019accueil d&rsquo;une mairie de quartier<\/p>\n<p>\u00a0 Vous pouvez \u00e9galement l&rsquo;envoyer par voie postale\u00a0:<br \/>\u00c0 la Direction r\u00e9gionale de l&rsquo;INSEE (Institut National de la Statistique et des Etudes Economiques) au 13, rue Letellier &#8211; Insight b\u00e2timent B &#8211; 33100 Bordeaux (enveloppe libre r\u00e9ponse sans affranchissement)<\/p>\n<p>Les questionnaires doivent \u00eatre retourn\u00e9s obligatoirement avant le 21 f\u00e9vrier 2026.<\/p>\n","protected":false},"excerpt":{"rendered":"Vais-je \u00eatre recens\u00e9\u00a0? \u00c0 Bordeaux et comme dans toutes les communes de plus de 10\u00a0000\u00a0habitants, le recensement concerne&hellip;\n","protected":false},"author":2,"featured_media":666729,"comment_status":"","ping_status":"","sticky":false,"template":"","format":"standard","meta":{"footnotes":""},"categories":[2817],"tags":[1111,11,1997,1777,674,1011,27,12,2219,25],"class_list":{"0":"post-666728","1":"post","2":"type-post","3":"status-publish","4":"format-standard","5":"has-post-thumbnail","7":"category-bordeaux","8":"tag-actu","9":"tag-actualites","10":"tag-bordeaux","11":"tag-eu","12":"tag-europe","13":"tag-fr","14":"tag-france","15":"tag-news","16":"tag-nouvelle-aquitaine","17":"tag-republique-francaise"},"share_on_mastodon":{"url":"https:\/\/pubeurope.com\/@fr\/115902457077484267","error":""},"_links":{"self":[{"href":"https:\/\/www.europesays.com\/fr\/wp-json\/wp\/v2\/posts\/666728","targetHints":{"allow":["GET"]}}],"collection":[{"href":"https:\/\/www.europesays.com\/fr\/wp-json\/wp\/v2\/posts"}],"about":[{"href":"https:\/\/www.europesays.com\/fr\/wp-json\/wp\/v2\/types\/post"}],"author":[{"embeddable":true,"href":"https:\/\/www.europesays.com\/fr\/wp-json\/wp\/v2\/users\/2"}],"replies":[{"embeddable":true,"href":"https:\/\/www.europesays.com\/fr\/wp-json\/wp\/v2\/comments?post=666728"}],"version-history":[{"count":0,"href":"https:\/\/www.europesays.com\/fr\/wp-json\/wp\/v2\/posts\/666728\/revisions"}],"wp:featuredmedia":[{"embeddable":true,"href":"https:\/\/www.europesays.com\/fr\/wp-json\/wp\/v2\/media\/666729"}],"wp:attachment":[{"href":"https:\/\/www.europesays.com\/fr\/wp-json\/wp\/v2\/media?parent=666728"}],"wp:term":[{"taxonomy":"category","embeddable":true,"href":"https:\/\/www.europesays.com\/fr\/wp-json\/wp\/v2\/categories?post=666728"},{"taxonomy":"post_tag","embeddable":true,"href":"https:\/\/www.europesays.com\/fr\/wp-json\/wp\/v2\/tags?post=666728"}],"curies":[{"name":"wp","href":"https:\/\/api.w.org\/{rel}","templated":true}]}}