{"id":666730,"date":"2026-01-16T02:38:11","date_gmt":"2026-01-16T02:38:11","guid":{"rendered":"https:\/\/www.europesays.com\/fr\/666730\/"},"modified":"2026-01-16T02:38:11","modified_gmt":"2026-01-16T02:38:11","slug":"le-tireur-na-laisse-aucune-trace","status":"publish","type":"post","link":"https:\/\/www.europesays.com\/fr\/666730\/","title":{"rendered":"le tireur n&rsquo;a laiss\u00e9 aucune trace"},"content":{"rendered":"<p>                    Par<br \/>\n        <strong><br \/>\n            <a href=\"https:\/\/actu.fr\/auteur\/anaelle-montagne\" title=\"Consulter tous les articles de Anaelle Montagne\" target=\"_blank\" rel=\"noopener\">Anaelle Montagne<\/a><br \/>\n                    <\/strong><\/p>\n<p>        Publi\u00e9 le<\/p>\n<p>            15 janv. 2026 \u00e0 17h41        <\/p>\n<p>Bless\u00e9, mais pas tr\u00e8s bavard\u2026 Un trentenaire a \u00e9t\u00e9 pris pour cible par un tireur, ce vendredi 14\u00a0janvier dans le quartier de la Farouette \u00e0 Toulouse, selon une information de <a href=\"https:\/\/www.ladepeche.fr\/2026\/01\/15\/info-la-depeche-mysterieuse-fusillade-a-toulouse-un-homme-blesse-par-balles-dans-la-soiree-le-ou-les-tireurs-en-fuite-13163335.php\" target=\"_blank\" rel=\"noopener\">La D\u00e9p\u00eache<\/a> qu\u2019<a href=\"https:\/\/actu.fr\/toulouse\/\" target=\"_blank\" rel=\"noopener\">Actu Toulouse<\/a> est en mesure de confirmer. Sauf que l\u2019affaire reste incompr\u00e9hensible, au lendemain des faits\u2009: le ou les tireurs<strong> n\u2019ont laiss\u00e9 aucune trace<\/strong> et la victime est <strong>pour le moins taiseuse<\/strong>.<\/p>\n<p>Que s\u2019est-il pass\u00e9\u2009?<\/p>\n<p class=\" wall-content\">Retour \u00e0 ce mercredi soir. En fin de soir\u00e9e, le quartier de la Farouette qui jouxte Bagatelle est en \u00e9bullition\u2009: le Maroc vient d\u2019\u00eatre qualifi\u00e9 en finale de la CAN\u2009! C\u2019est au beau milieu du capharna\u00fcm des c\u00e9l\u00e9brations que se d\u00e9roule la fusillade. Enfin, si l\u2019on peut l\u2019appeler ainsi\u2009: pour l\u2019heure, on parle <strong>d\u2019un unique coup de feu<\/strong>. Une balle, que l\u2019homme de 35\u00a0ans a re\u00e7ue dans la fesse droite.<\/p>\n<p class=\" wall-content\">Toutes les autres pi\u00e8ces du puzzle sont manquantes\u2009: comment se d\u00e9pla\u00e7aient la victime et le tireur\u2009? <strong>Qui a tir\u00e9 sur le trentenaire<\/strong> et quel par quel moyen a-t-il pris la fuite\u2009? L\u2019agresseur \u00e9tait-il seul ou accompagn\u00e9\u2009?<\/p>\n<p>Les secours pr\u00e9viennent la police<\/p>\n<p class=\" wall-content\">Ce que l\u2019on sait, c\u2019est que la victime a \u00e9t\u00e9 retrouv\u00e9e bless\u00e9e dans le parc de la Farouette. Les pompiers ont \u00e9t\u00e9 appel\u00e9s vers 23\u00a0heures pour la secourir.<\/p>\n<p>    <a href=\"https:\/\/www.google.com\/maps\/embed?pb=!1m18!1m12!1m3!1d11231.803839294347!2d1.4114113341468113!3d43.58092157352012!2m3!1f0!2f0!3f0!3m2!1i1024!2i768!4f13.1!3m3!1m2!1s0x12aebbb0098121a7%3A0x963b772a690f9424!2sFaourette%2C%2031100%20Toulouse!5e0!3m2!1sen!2sfr!4v1768488081819!5m2!1sen!2sfr\" title=\"Ouvrie le lien\" target=\"_blank\" rel=\"noopener\">Cliquez ici pour visualiser le contenu<\/a><\/p>\n<p class=\" wall-content\"><strong>\u00ab\u2009Elle pr\u00e9sentait une blessure au niveau du post\u00e9rieur droit\u2009\u00bb<\/strong>, formule une source proche du dossier, contact\u00e9e par Actu Toulouse. Ce sont les secours qui ont pr\u00e9venu les services de police.<\/p>\n<p>Vid\u00e9os : en ce moment sur ActuUne affaire n\u00e9buleuse<\/p>\n<p class=\" wall-content\">Mais pour les forces de l\u2019ordre, une fois arriv\u00e9es sur place, c\u2019est le n\u00e9ant. \u00ab\u2009Les constatations se sont av\u00e9r\u00e9es difficiles en raison des festivit\u00e9s marocaines qui ont \u00e9maill\u00e9 le quartier\u2009\u00bb, souligne notre source.<\/p>\n<p class=\" wall-content\">Aucune douille, aucun indice n\u2019a \u00e9t\u00e9 retrouv\u00e9, et \u00ab\u2009on ne sait m\u00eame pas si les faits se sont d\u00e9roul\u00e9s \u00e0 l\u2019endroit o\u00f9 il a \u00e9t\u00e9 retrouv\u00e9\u2009\u00bb.<\/p>\n<p>Votre r\u00e9gion, votre actu !<\/p>\n<p>Recevez chaque jour les infos qui comptent pour vous.<\/p>\n<p>\t<a href=\"https:\/\/actu.fr\/newsletter\" class=\"ac-btn ac-btn--corner ac-btn--medium ac-btn--blue800\" target=\"_blank\" rel=\"noopener\">S&rsquo;incrire<\/a><br \/>\nPetite main du trafic de stup\u00e9fiants<\/p>\n<p class=\" wall-content\">Le trentenaire a \u00e9t\u00e9 transport\u00e9 \u00e0 <a href=\"https:\/\/actu.fr\/occitanie\/toulouse_31555\/toulouse-il-avait-ete-inaugure-par-simone-veil-en-1975-l-hopital-rangueil-fete-ses-cinquante-ans_63315171.html\" target=\"_blank\" rel=\"noopener\">l\u2019h\u00f4pital de Rangueil<\/a> pour y recevoir des soins, mais <strong>ses jours n\u2019\u00e9taient pas en danger<\/strong>. Interrog\u00e9 par les enqu\u00eateurs, il s\u2019est montr\u00e9 peu bavard.<\/p>\n<p class=\" wall-content\">Il est certes connu des services de police, mais uniquement pour de la <strong>petite d\u00e9linquance<\/strong>\u2009: petite main du trafic de stup\u00e9fiants, vol de scooter\u2026 Son agression \u00e9tait-elle li\u00e9e \u00e0 ces faits\u2009? L\u2019enqu\u00eate se poursuit pour tenter de le d\u00e9terminer, mais elle risque d\u2019\u00eatre difficile \u00e0 mener \u00e0 bout.<\/p>\n<p class=\" wall-content\">Personnalisez votre actualit\u00e9 en ajoutant vos villes et m\u00e9dias en favori avec <a href=\"https:\/\/moncompte.actu.fr\" title=\"D\u00e9couvez Mon Actu\" rel=\"nofollow noopener\" data-trk=\"{&quot;cta&quot;:{&quot;action&quot;:&quot;https:\\\/\\\/moncompte.actu.fr&quot;,&quot;category&quot;:&quot;mon compte&quot;,&quot;from&quot;:&quot;article footer&quot;,&quot;name&quot;:&quot;Mon actu&quot;,&quot;type&quot;:&quot;cta&quot;}}\" target=\"_blank\">Mon Actu<\/a>.<\/p>\n","protected":false},"excerpt":{"rendered":"Par Anaelle Montagne Publi\u00e9 le 15 janv. 2026 \u00e0 17h41 Bless\u00e9, mais pas tr\u00e8s bavard\u2026 Un trentenaire a&hellip;\n","protected":false},"author":2,"featured_media":656709,"comment_status":"","ping_status":"","sticky":false,"template":"","format":"standard","meta":{"footnotes":""},"categories":[2816],"tags":[1111,11,1777,674,118,1011,27,12,2680,1072,25,2312],"class_list":{"0":"post-666730","1":"post","2":"type-post","3":"status-publish","4":"format-standard","5":"has-post-thumbnail","7":"category-toulouse","8":"tag-actu","9":"tag-actualites","10":"tag-eu","11":"tag-europe","12":"tag-faits-divers","13":"tag-fr","14":"tag-france","15":"tag-news","16":"tag-occitanie","17":"tag-police","18":"tag-republique-francaise","19":"tag-toulouse"},"share_on_mastodon":{"url":"https:\/\/pubeurope.com\/@fr\/115902460947911871","error":""},"_links":{"self":[{"href":"https:\/\/www.europesays.com\/fr\/wp-json\/wp\/v2\/posts\/666730","targetHints":{"allow":["GET"]}}],"collection":[{"href":"https:\/\/www.europesays.com\/fr\/wp-json\/wp\/v2\/posts"}],"about":[{"href":"https:\/\/www.europesays.com\/fr\/wp-json\/wp\/v2\/types\/post"}],"author":[{"embeddable":true,"href":"https:\/\/www.europesays.com\/fr\/wp-json\/wp\/v2\/users\/2"}],"replies":[{"embeddable":true,"href":"https:\/\/www.europesays.com\/fr\/wp-json\/wp\/v2\/comments?post=666730"}],"version-history":[{"count":0,"href":"https:\/\/www.europesays.com\/fr\/wp-json\/wp\/v2\/posts\/666730\/revisions"}],"wp:featuredmedia":[{"embeddable":true,"href":"https:\/\/www.europesays.com\/fr\/wp-json\/wp\/v2\/media\/656709"}],"wp:attachment":[{"href":"https:\/\/www.europesays.com\/fr\/wp-json\/wp\/v2\/media?parent=666730"}],"wp:term":[{"taxonomy":"category","embeddable":true,"href":"https:\/\/www.europesays.com\/fr\/wp-json\/wp\/v2\/categories?post=666730"},{"taxonomy":"post_tag","embeddable":true,"href":"https:\/\/www.europesays.com\/fr\/wp-json\/wp\/v2\/tags?post=666730"}],"curies":[{"name":"wp","href":"https:\/\/api.w.org\/{rel}","templated":true}]}}