{"id":666731,"date":"2026-01-16T02:39:14","date_gmt":"2026-01-16T02:39:14","guid":{"rendered":"https:\/\/www.europesays.com\/fr\/666731\/"},"modified":"2026-01-16T02:39:14","modified_gmt":"2026-01-16T02:39:14","slug":"un-nouveau-renfort-pour-la-liste-vivre-mieux-de-la-gauche-unie","status":"publish","type":"post","link":"https:\/\/www.europesays.com\/fr\/666731\/","title":{"rendered":"un nouveau renfort pour la liste Vivre Mieux de la gauche unie"},"content":{"rendered":"<p><strong>La liste Vivre Mieux \u00e0 Toulouse \u00e9largit son rassemblement \u00e0 trois mois du premier tour des \u00e9lections municipales. Le mouvement Debout ! officialise son soutien et renforce la dynamique de la gauche unie.<\/strong><\/p>\n<p><img fetchpriority=\"high\" decoding=\"async\" width=\"1200\" height=\"676\" src=\"https:\/\/www.europesays.com\/fr\/wp-content\/uploads\/2026\/01\/vivre-mieux-et-debout.jpg\" alt=\"Debout ! annonce son soutien \u00e0 la liste Vivre Mieux \u00e0 Toulouse.\"  \/><\/p>\n<p>Fran\u00e7ois Brian\u00e7on, \u00e0 gauche, salue un ralliement qui renforce sa dynamique de campagne. \u00a9 Vivre Mieux Toulouse<\/p>\n<p>La liste Vivre Mieux \u00e0 Toulouse, dont le socialiste Fran\u00e7ois Brian\u00e7on est la t\u00eate de liste, compte <strong>un nouveau soutien : celui du mouvement Debout\u00a0!<\/strong>. Officialis\u00e9 ce jeudi 15 janvier 2025, ce ralliement intervient <strong>\u00e0 trois mois du premier tour des \u00e9lections municipales <\/strong>de 2026, pr\u00e9vu le 15 mars.<\/p>\n<p>Le mouvement Debout ! est l\u2019\u00e9volution nationale de Picardie Debout \u00a0.<strong> Il a \u00e9t\u00e9 fond\u00e9 par Fran\u00e7ois Ruffin, d\u00e9put\u00e9 de la Somme, qui en est le pr\u00e9sident.<\/strong> Jadis proche de La France insoumise, il a pris ses distances avec le parti, avant de rompre en 2024.<\/p>\n<p>Un ralliement pr\u00e9sent\u00e9 comme strat\u00e9gique<\/p>\n<p>\u00ab Nous rejoignons cette dynamique unitaire, car <strong>elle est la condition pour permettre une v\u00e9ritable alternative politique au Capitole<\/strong> \u00bb, d\u00e9clare Michael Gironde, repr\u00e9sentant d\u00e9partemental de Debout !, dans un communiqu\u00e9.<\/p>\n<p>Il \u00e9voque aussi plusieurs enjeux locaux, dont<strong> la crise du logement, l\u2019aggravation des in\u00e9galit\u00e9s et l\u2019urgence \u00e9cologique<\/strong>. Le mouvement veut notamment accorder une attention particuli\u00e8re aux plus pr\u00e9caires.<\/p>\n<p>Une dynamique d\u2019union \u00e0 gauche<\/p>\n<p>Fran\u00e7ois Brian\u00e7on se f\u00e9licite de ce soutien : \u00ab Je me r\u00e9jouis du soutien de Fran\u00e7ois Ruffin et de ses amis. C\u2019est une excellente nouvelle, qui <strong>confirme que la dynamique de rassemblement que nous avons engag\u00e9e peut encore s\u2019\u00e9largir<\/strong>. \u00bb<\/p>\n<p>La liste Vivre Mieux \u00e0 Toulouse est <strong>le fruit du rassemblement de plusieurs partis et organisations de gauche<\/strong>. Elle r\u00e9unit notamment le Parti socialiste, Archipel citoyen, Les \u00c9cologistes, G\u00e9n\u00e9ration.s, Place publique, et le Parti communiste.<\/p>\n<p><strong>Ce ralliement intervient alors que les d\u00e9lais officiels approchent.<\/strong> La date limite de d\u00e9p\u00f4t des listes en pr\u00e9fecture <a href=\"https:\/\/www.isere.gouv.fr\/Actions-de-l-Etat\/Citoyennete\/Elections\/Elections-politiques\/Municipales-2026\/Candidatures#:~:text=En%20revanche%2C%20la%20date%20limite,mars%202026%20%C3%A0%2018H00%20(art.\" target=\"_blank\" data-type=\"link\" data-id=\"https:\/\/www.isere.gouv.fr\/Actions-de-l-Etat\/Citoyennete\/Elections\/Elections-politiques\/Municipales-2026\/Candidatures#:~:text=En%20revanche%2C%20la%20date%20limite,mars%202026%20%C3%A0%2018H00%20(art.\" rel=\"noopener\">est fix\u00e9e au 26 f\u00e9vrier 2026 \u00e0 18 heures<\/a> pour le premier tour.<\/p>\n","protected":false},"excerpt":{"rendered":"La liste Vivre Mieux \u00e0 Toulouse \u00e9largit son rassemblement \u00e0 trois mois du premier tour des \u00e9lections municipales.&hellip;\n","protected":false},"author":2,"featured_media":666732,"comment_status":"","ping_status":"","sticky":false,"template":"","format":"standard","meta":{"footnotes":""},"categories":[2816],"tags":[1111,11,1777,674,1011,27,76690,12,2680,25,2312],"class_list":{"0":"post-666731","1":"post","2":"type-post","3":"status-publish","4":"format-standard","5":"has-post-thumbnail","7":"category-toulouse","8":"tag-actu","9":"tag-actualites","10":"tag-eu","11":"tag-europe","12":"tag-fr","13":"tag-france","14":"tag-municipales-u00e0-toulouse-un-nouveau-renfort-pour-la-liste-vivre-mieux-de-la-gauche-unie","15":"tag-news","16":"tag-occitanie","17":"tag-republique-francaise","18":"tag-toulouse"},"share_on_mastodon":{"url":"https:\/\/pubeurope.com\/@fr\/115902464958035768","error":""},"_links":{"self":[{"href":"https:\/\/www.europesays.com\/fr\/wp-json\/wp\/v2\/posts\/666731","targetHints":{"allow":["GET"]}}],"collection":[{"href":"https:\/\/www.europesays.com\/fr\/wp-json\/wp\/v2\/posts"}],"about":[{"href":"https:\/\/www.europesays.com\/fr\/wp-json\/wp\/v2\/types\/post"}],"author":[{"embeddable":true,"href":"https:\/\/www.europesays.com\/fr\/wp-json\/wp\/v2\/users\/2"}],"replies":[{"embeddable":true,"href":"https:\/\/www.europesays.com\/fr\/wp-json\/wp\/v2\/comments?post=666731"}],"version-history":[{"count":0,"href":"https:\/\/www.europesays.com\/fr\/wp-json\/wp\/v2\/posts\/666731\/revisions"}],"wp:featuredmedia":[{"embeddable":true,"href":"https:\/\/www.europesays.com\/fr\/wp-json\/wp\/v2\/media\/666732"}],"wp:attachment":[{"href":"https:\/\/www.europesays.com\/fr\/wp-json\/wp\/v2\/media?parent=666731"}],"wp:term":[{"taxonomy":"category","embeddable":true,"href":"https:\/\/www.europesays.com\/fr\/wp-json\/wp\/v2\/categories?post=666731"},{"taxonomy":"post_tag","embeddable":true,"href":"https:\/\/www.europesays.com\/fr\/wp-json\/wp\/v2\/tags?post=666731"}],"curies":[{"name":"wp","href":"https:\/\/api.w.org\/{rel}","templated":true}]}}