{"id":666737,"date":"2026-01-16T02:42:22","date_gmt":"2026-01-16T02:42:22","guid":{"rendered":"https:\/\/www.europesays.com\/fr\/666737\/"},"modified":"2026-01-16T02:42:22","modified_gmt":"2026-01-16T02:42:22","slug":"barometre-regional-des-levees-de-fonds-2025-rendez-vous-au-sommet","status":"publish","type":"post","link":"https:\/\/www.europesays.com\/fr\/666737\/","title":{"rendered":"Barom\u00e8tre r\u00e9gional des lev\u00e9es de fonds 2025 : rendez-vous au sommet !"},"content":{"rendered":"<p>Ce n\u2019est pas seulement parce que ce sera au sommet du territoire (au sens propre), en l\u2019occurence au Sky Center du WTCMP de la Tour La Marseillaise, au 30e \u00e9tage, avec terrasses et vue panoramique, que Gomet\u2019 Media et ses partenaires (R\u00e9gion sud Investissement et Crowe Ficorec) sont fiers de r\u00e9v\u00e9ler le nouveau barom\u00e8tre r\u00e9gional des lev\u00e9es de fonds 2025.<\/p>\n<p>Il y a beaucoup d\u2019autres raisons, \u00e0 commencer par l\u2019actualit\u00e9 \u00e9conomique, financi\u00e8re, nationale comme internationale. Comment le territoire s\u2019adapte ? Les chiffres semestriels <strong><a href=\"https:\/\/gomet.net\/levees-de-fonds-au-1er-semestre-la-region-sud-rebondit\/\" data-type=\"link\" data-id=\"https:\/\/gomet.net\/levees-de-fonds-au-1er-semestre-la-region-sud-rebondit\/\" target=\"_blank\" rel=\"noreferrer noopener\">pr\u00e9sent\u00e9s en septembre dernier<\/a> <\/strong>avaient montr\u00e9 une belle r\u00e9sistance, \u00e0 contre-tendance de la conjoncture nationale.<\/p>\n<p><img loading=\"lazy\" decoding=\"async\" width=\"1024\" height=\"501\" src=\"data:image\/svg+xml,%3Csvg%20xmlns=\" http:=\"\" alt=\"r\u00e9v\u00e9lation du barom\u00e8tre des lev\u00e9es de fonds 2025 S1\" class=\"wp-image-382718\" data-lazy- data-lazy- data-lazy-src=\"https:\/\/www.europesays.com\/fr\/wp-content\/uploads\/2026\/01\/capture-decran-2026-01-15-a-14.51.11-1024x501.png\"\/>R\u00e9v\u00e9lation du barom\u00e8tre des lev\u00e9es de fonds du 1er semestre 2025 en septembre dernier au CIC Place de l\u2019innovation (Cr\u00e9dit Gomet\u2019)<\/p>\n<p>Les six derniers mois de l\u2019ann\u00e9e vont-ils confirmer cette tendance \u00e0 une r\u00e9silience exceptionnelle ? R\u00e9ponse donc<a href=\"https:\/\/my.weezevent.com\/barometre-regional-des-levees-de-fonds-le-bilan-de-2025\" data-type=\"link\" data-id=\"https:\/\/my.weezevent.com\/barometre-regional-des-levees-de-fonds-le-bilan-de-2025\" target=\"_blank\" rel=\"noopener\"> <\/a><strong><a href=\"https:\/\/my.weezevent.com\/barometre-regional-des-levees-de-fonds-le-bilan-de-2025\" target=\"_blank\" data-type=\"link\" data-id=\"https:\/\/my.weezevent.com\/barometre-regional-des-levees-de-fonds-le-bilan-de-2025\" rel=\"noreferrer noopener\">vendredi 23 janvier au matin<\/a><\/strong>.<\/p>\n<p><a data-no-instant=\"1\" href=\"https:\/\/my.weezevent.com\/barometre-regional-des-levees-de-fonds-le-bilan-de-2025\" rel=\"noopener nofollow\" class=\"a2t-link\" target=\"_blank\" aria-label=\"V1 Widespread 7e Barome\u0300tre\"><img loading=\"lazy\" decoding=\"async\" src=\"data:image\/svg+xml,%3Csvg%20xmlns=\" http:=\"\" alt=\"\" data-lazy- data-lazy- width=\"1950\" height=\"241\" style=\"display: inline-block;\" data-lazy-src=\"https:\/\/www.europesays.com\/fr\/wp-content\/uploads\/2025\/12\/v1-widespread-7e-barometre.png\"\/><\/a><\/p>\n<p>Pour commenter et t\u00e9moigner les faits marquants, nous avons encore r\u00e9uni un plateau de premier plan avec des experts et des t\u00e9moins qui livreront une fois de plus leur regard sur les \u00e9v\u00e9nements de l\u2019ann\u00e9e comme sur les tendances des prochains mois.<\/p>\n<p>Apr\u00e8s la r\u00e9v\u00e9lation du bilan 2025 pr\u00e9sent\u00e9 par Christian Apoth\u00e9loz de la r\u00e9daction de Gomet\u2019 et Jean-Pierre Largillet, notre confr\u00e8re de <a href=\"https:\/\/www.webtimemedias.com\" data-type=\"link\" data-id=\"https:\/\/www.webtimemedias.com\" target=\"_blank\" rel=\"noopener\"><strong>Webtime Medias<\/strong><\/a> bas\u00e9 sur la C\u00f4te d\u2019Azur, Pierre Joubert, le directeur g\u00e9n\u00e9ral du fonds r\u00e9gional <strong><a href=\"https:\/\/gomet.net\/?s=R\u00e9gion+Sud+Invest\" data-type=\"link\" data-id=\"https:\/\/gomet.net\/?s=R\u00e9gion+Sud+Invest\" target=\"_blank\" rel=\"noreferrer noopener\">R\u00e9gion Sud Invest<\/a><\/strong> et Matthieu Capuono, expert-comptable et directeur associ\u00e9 du cabinet <strong><a href=\"https:\/\/gomet.net\/?s=Crowe+Ficorec\" data-type=\"link\" data-id=\"https:\/\/gomet.net\/?s=Crowe+Ficorec\" target=\"_blank\" rel=\"noreferrer noopener\">Crowe Ficorec<\/a><\/strong> livreront leurs analyses.<\/p>\n<p><img loading=\"lazy\" decoding=\"async\" width=\"1024\" height=\"581\" src=\"data:image\/svg+xml,%3Csvg%20xmlns=\" http:=\"\" alt=\"Barom\u00e8tre r\u00e9gional des lev\u00e9es de fonds : \u00e9volution semestrielle\" class=\"wp-image-382716\" data-lazy- data-lazy- data-lazy-src=\"https:\/\/www.europesays.com\/fr\/wp-content\/uploads\/2026\/01\/capture-decran-2026-01-15-a-14.44.14-1024x581.png\"\/>Barom\u00e8tre r\u00e9gional des lev\u00e9es de fonds : \u00e9volution semestrielle (Cr\u00e9dit Gomet\u2019)Des biotechs aux bitcoins en passant par\u00a0l\u2019hydrog\u00e8ne<\/p>\n<p>Puis plusieurs grands t\u00e9moins viendront partager leurs exp\u00e9riences r\u00e9centes \u00e0 commencer par Eric Schettini dirigeant fondateur de la soci\u00e9t\u00e9 marseillaise de biotechnologies <strong><a href=\"https:\/\/gomet.net\/tafalgie-therapeutics-marseille-leve-12-me-pour-tester-son-antalgique-non-opioide\/\" data-type=\"link\" data-id=\"https:\/\/gomet.net\/tafalgie-therapeutics-marseille-leve-12-me-pour-tester-son-antalgique-non-opioide\/\" target=\"_blank\" rel=\"noreferrer noopener\">Tafalgie Therapeutics<\/a> <\/strong>(anti-douleur) qui a lev\u00e9 12 millions d\u2019euros ainsi qu\u2019<strong><a href=\"https:\/\/gomet.net\/brouillon-auto-6bitstack-meyreuil-bitcoin\/\" data-type=\"link\" data-id=\"https:\/\/gomet.net\/brouillon-auto-6bitstack-meyreuil-bitcoin\/\" target=\"_blank\" rel=\"noopener\">Alexandre Roubaud<\/a> <\/strong>CEO et co-fondateur de Bitstack, 1\u00e8re plateforme de bitcoins en France qui part d\u00e9sormais \u00e0 la conqu\u00eate de l\u2019Europe ( 15 millions de dollars lev\u00e9s en 2025).<\/p>\n<p>Autre t\u00e9moignage, et non moins embl\u00e9matique, celui de <strong><a href=\"https:\/\/gomet.net\/chloe-zaied-lance-pumphy-pour-lhydrogene-portuaire\/\" data-type=\"link\" data-id=\"https:\/\/gomet.net\/chloe-zaied-lance-pumphy-pour-lhydrogene-portuaire\/\" target=\"_blank\" rel=\"noreferrer noopener\">Chlo\u00e9 Zaied<\/a><\/strong>, la tr\u00e8s dynamique et charismatique dirigeante de sa nouvelle p\u00e9pite Pump\u2019Hy sp\u00e9cialis\u00e9e dans l\u2019hydrog\u00e8ne maritime. Apr\u00e8s avoir lev\u00e9 un total de sept millions d\u2019euros avec ses deux pr\u00e9c\u00e9dentes soci\u00e9t\u00e9s (Hynova Yachts et Ephyra), la voici au d\u00e9part d\u2019un nouveau roadshow.<\/p>\n<p>A n\u2019en pas douter, Anne-Claire Picchiottino, la directrice des investissements du fonds r\u00e9gional <a href=\"https:\/\/gomet.net\/?s=Terra+Nea\" data-type=\"link\" data-id=\"https:\/\/gomet.net\/?s=Terra+Nea\" target=\"_blank\" rel=\"noopener\"><strong>Terra Nea<\/strong><\/a> sp\u00e9cialis\u00e9 en infrastrucuctures et \u00e9nergie aura son mot \u00e0 dire. En particulier parce que le fonds g\u00e9r\u00e9 par Andera Partners a pris de nouvelles inititiatives en 2025, et que ce n\u2019est pas fini\u2026 Autre avis \u00e9clair\u00e9 tr\u00e8s attendu, celui de l\u2019avocate sp\u00e9cialis\u00e9e en droit boursier, corporate, fusions et acquisitions, private \u00e9quity, associ\u00e9e d\u2019<strong><a href=\"https:\/\/www.altairavocats.com\" data-type=\"link\" data-id=\"https:\/\/www.altairavocats.com\" target=\"_blank\" rel=\"noreferrer noopener\">Alta\u00efr Avocats<\/a><\/strong>, Val\u00e9rie Foudriat-Fernandez. Utile pour les dirigeants, les fonds et les r\u00e9seaux de soutien aux entrepreneurs. L\u2019embarquement imm\u00e9diat pour 2026, c\u2019est le 23 janvier, pour \u00eatre au sommet !<\/p>\n<p><img loading=\"lazy\" decoding=\"async\" width=\"1024\" height=\"718\" src=\"data:image\/svg+xml,%3Csvg%20xmlns=\" http:=\"\" alt=\"\" class=\"wp-image-382717\" style=\"width:728px;height:auto\" data-lazy- data-lazy- data-lazy-src=\"https:\/\/www.europesays.com\/fr\/wp-content\/uploads\/2026\/01\/capture-decran-2026-01-15-a-14.56.41-1024x718.png\"\/>Vue des balcons ext\u00e9rieurs du Sky Center de La Tour la Marseillaise (Cr\u00e9dit Gomet\u2019)<\/p>\n<p class=\"has-background\" style=\"background-color:#ebeff2\"><strong>Informations pratiques et liens utiles :<\/strong><\/p>\n<p>&gt; Accueil caf\u00e9 \u00e0 partir de 8h30, \u00ab\u00a0d\u00e9collage\u00a0\u00bb \u00e0 9h pr\u00e9cises. Tour La Marseille : 2 bis Bd Euromediterran\u00e9e Quai d\u2019Arenc, 13002 Marseille<br \/><strong><a href=\"https:\/\/my.weezevent.com\/barometre-regional-des-levees-de-fonds-le-bilan-de-2025\" data-type=\"link\" data-id=\"https:\/\/my.weezevent.com\/barometre-regional-des-levees-de-fonds-le-bilan-de-2025\" target=\"_blank\" rel=\"noreferrer noopener\">Sur inscription, places limit\u00e9es<\/a>. <\/strong><br \/>&gt; <a href=\"https:\/\/gomet.net\/levees-de-fonds-en-region-sud\/\" data-type=\"link\" data-id=\"https:\/\/gomet.net\/levees-de-fonds-en-region-sud\/\" target=\"_blank\" rel=\"noopener\"><strong>L\u2019actualit\u00e9 des lev\u00e9es de fonds r\u00e9gionales \u00e0 suivre dans notre dossier<\/strong><\/a><br \/>&gt; <strong><a href=\"https:\/\/gomet.net\/levees-de-fonds-au-1er-semestre-la-region-sud-rebondit\/\" data-type=\"link\" data-id=\"https:\/\/gomet.net\/levees-de-fonds-au-1er-semestre-la-region-sud-rebondit\/\" target=\"_blank\" rel=\"noopener\">Lev\u00e9es de fonds au 1er semestre 2025\u00a0: la r\u00e9gion Sud renverse la morosit\u00e9 nationale<\/a><\/strong><\/p>\n","protected":false},"excerpt":{"rendered":"Ce n\u2019est pas seulement parce que ce sera au sommet du territoire (au sens propre), en l\u2019occurence au&hellip;\n","protected":false},"author":2,"featured_media":666738,"comment_status":"","ping_status":"","sticky":false,"template":"","format":"standard","meta":{"footnotes":""},"categories":[2814],"tags":[1111,11,1777,674,1011,27,884,12,882,25],"class_list":{"0":"post-666737","1":"post","2":"type-post","3":"status-publish","4":"format-standard","5":"has-post-thumbnail","7":"category-marseille","8":"tag-actu","9":"tag-actualites","10":"tag-eu","11":"tag-europe","12":"tag-fr","13":"tag-france","14":"tag-marseille","15":"tag-news","16":"tag-provence-alpes-cote-dazur","17":"tag-republique-francaise"},"share_on_mastodon":{"url":"https:\/\/pubeurope.com\/@fr\/115902476667594481","error":""},"_links":{"self":[{"href":"https:\/\/www.europesays.com\/fr\/wp-json\/wp\/v2\/posts\/666737","targetHints":{"allow":["GET"]}}],"collection":[{"href":"https:\/\/www.europesays.com\/fr\/wp-json\/wp\/v2\/posts"}],"about":[{"href":"https:\/\/www.europesays.com\/fr\/wp-json\/wp\/v2\/types\/post"}],"author":[{"embeddable":true,"href":"https:\/\/www.europesays.com\/fr\/wp-json\/wp\/v2\/users\/2"}],"replies":[{"embeddable":true,"href":"https:\/\/www.europesays.com\/fr\/wp-json\/wp\/v2\/comments?post=666737"}],"version-history":[{"count":0,"href":"https:\/\/www.europesays.com\/fr\/wp-json\/wp\/v2\/posts\/666737\/revisions"}],"wp:featuredmedia":[{"embeddable":true,"href":"https:\/\/www.europesays.com\/fr\/wp-json\/wp\/v2\/media\/666738"}],"wp:attachment":[{"href":"https:\/\/www.europesays.com\/fr\/wp-json\/wp\/v2\/media?parent=666737"}],"wp:term":[{"taxonomy":"category","embeddable":true,"href":"https:\/\/www.europesays.com\/fr\/wp-json\/wp\/v2\/categories?post=666737"},{"taxonomy":"post_tag","embeddable":true,"href":"https:\/\/www.europesays.com\/fr\/wp-json\/wp\/v2\/tags?post=666737"}],"curies":[{"name":"wp","href":"https:\/\/api.w.org\/{rel}","templated":true}]}}