{"id":666742,"date":"2026-01-16T02:45:15","date_gmt":"2026-01-16T02:45:15","guid":{"rendered":"https:\/\/www.europesays.com\/fr\/666742\/"},"modified":"2026-01-16T02:45:15","modified_gmt":"2026-01-16T02:45:15","slug":"lyon-linformation-confidentielle-sur-la-fete-des-lumieres-lui-coute-cher-en-justice","status":"publish","type":"post","link":"https:\/\/www.europesays.com\/fr\/666742\/","title":{"rendered":"Lyon. L&rsquo;information confidentielle sur la F\u00eate des Lumi\u00e8res lui co\u00fbte cher en justice"},"content":{"rendered":"<p>                    Par<br \/>\n        <strong><br \/>\n            <a href=\"https:\/\/actu.fr\/auteur\/redaction-lyon\" title=\"Consulter tous les articles de R\u00e9daction Lyon\" target=\"_blank\" rel=\"noopener\">R\u00e9daction Lyon<\/a><br \/>\n                    <\/strong><\/p>\n<p>        Publi\u00e9 le<\/p>\n<p>            15 janv. 2026 \u00e0 18h34        <\/p>\n<p>Metteur en sc\u00e8ne de spectacles de sons et lumi\u00e8res, <strong>Damien Fontaine<\/strong> a \u00e9t\u00e9 condamn\u00e9 jeudi \u00e0 six mois de prison avec sursis pour avoir b\u00e9n\u00e9fici\u00e9 d\u2019informations privil\u00e9gi\u00e9es lors de sa candidature \u00e0 l\u2019\u00e9dition 2018 de la <a href=\"https:\/\/actu.fr\/tag\/fete-des-lumieres-de-lyon\" target=\"_blank\" rel=\"noopener\">f\u00eate des Lumi\u00e8res de Lyon<\/a>. Le tribunal correctionnel de <a href=\"https:\/\/actu.fr\/auvergne-rhone-alpes\/lyon_69123\" target=\"_blank\" rel=\"noopener\">Lyon<\/a> l\u2019a jug\u00e9 coupable de recel de favoritisme et l\u2019a condamn\u00e9 \u00e9galement \u00e0 une amende de 2000 euros et trois ans d\u2019in\u00e9ligibilit\u00e9. Son producteur de l\u2019\u00e9poque, S\u00e9bastien Salvagnac, a \u00e9t\u00e9 condamn\u00e9 \u00e0 la m\u00eame peine.<\/p>\n<p class=\" wall-content\">En 2018, l\u2019artiste de 50 ans avait obtenu le lot de l\u2019illumination de la <strong>colline de Fourvi\u00e8re<\/strong>, principale attraction du march\u00e9 public de la c\u00e9l\u00e8bre manifestation, d\u2019un montant de 166.000 euros.<\/p>\n<p>Des renseignements confidentiels de la part du directeur<\/p>\n<p class=\" wall-content\">Selon le parquet, il avait modifi\u00e9 son offre en pleine proc\u00e9dure de consultation, en b\u00e9n\u00e9ficiant de renseignements confidentiels de la part de Jean-Fran\u00e7ois Zurawik, \u00e0 l\u2019\u00e9poque directeur de la f\u00eate des Lumi\u00e8res. Ce dernier a mis fin \u00e0 ses jours durant l\u2019instruction.<\/p>\n<p class=\" wall-content\">Damien Fontaine \u00ab\u00a0a b\u00e9n\u00e9fici\u00e9 d\u2019un avantage injustifi\u00e9 et d\u2019un accompagnement personnalis\u00e9\u00a0\u00bb, avait estim\u00e9 le procureur \u00e0 l\u2019audience du 12 d\u00e9cembre en requ\u00e9rant six mois de prison avec sursis.<\/p>\n<p class=\" wall-content\">\u00ab\u00a0On n\u2019avait aucune indication que \u00e7a venait d\u2019un autre dossier et que cela pouvait nous favoriser\u00a0\u00bb, s\u2019\u00e9tait d\u00e9fendu l\u2019artiste, niant l\u2019infraction.\u00a0 \u00ab\u00a0Je savais qu\u2019on n\u2019avait pas le droit, mais je n\u2019avais pas le choix\u00a0\u00bb, avait pour sa part argu\u00e9 son ancien producteur, assurant que le march\u00e9 de la f\u00eate des Lumi\u00e8res \u00e9tait alors connu pour son opacit\u00e9. Son avocat avait plaid\u00e9 la relaxe, estimant que la ville portait la responsabilit\u00e9 du mauvais encadrement du march\u00e9.<\/p>\n<p>\u00ab\u00a0La justice a pu remettre chacun \u00e0 sa place\u00a0\u00bb<\/p>\n<p class=\" wall-content\">L\u2019affaire avait \u00e9clat\u00e9 apr\u00e8s la plainte de Milosh Luczynski, artiste \u00e9cart\u00e9 du march\u00e9, qui estimait avoir vu son projet copi\u00e9 par son concurrent, lequel \u00e9tait all\u00e9 jusqu\u2019\u00e0 reprendre le titre \u00ab\u00a0Reflets\u00a0\u00bb.\u00a0<\/p>\n<p class=\" wall-content\">\u00ab\u00a0Enfin ! La v\u00e9rit\u00e9 a \u00e9t\u00e9 dite. La justice a pu remettre chacun \u00e0 sa place\u00a0\u00bb, a comment\u00e9 l\u2019artiste, qui a obtenu 5.000 euros de dommages et int\u00e9r\u00eats pour pr\u00e9judice moral.<\/p>\n<p class=\" wall-content\"><strong>AFP<\/strong><\/p>\n<p class=\" wall-content\">Personnalisez votre actualit\u00e9 en ajoutant vos villes et m\u00e9dias en favori avec <a href=\"https:\/\/moncompte.actu.fr\" title=\"D\u00e9couvez Mon Actu\" rel=\"nofollow noopener\" data-trk=\"{&quot;cta&quot;:{&quot;action&quot;:&quot;https:\\\/\\\/moncompte.actu.fr&quot;,&quot;category&quot;:&quot;mon compte&quot;,&quot;from&quot;:&quot;article footer&quot;,&quot;name&quot;:&quot;Mon actu&quot;,&quot;type&quot;:&quot;cta&quot;}}\" target=\"_blank\">Mon Actu<\/a>.<\/p>\n","protected":false},"excerpt":{"rendered":"Par R\u00e9daction Lyon Publi\u00e9 le 15 janv. 2026 \u00e0 18h34 Metteur en sc\u00e8ne de spectacles de sons et&hellip;\n","protected":false},"author":2,"featured_media":666743,"comment_status":"","ping_status":"","sticky":false,"template":"","format":"standard","meta":{"footnotes":""},"categories":[1889],"tags":[1111,11,2430,1777,674,48837,1011,27,2428,12,25,104],"class_list":{"0":"post-666742","1":"post","2":"type-post","3":"status-publish","4":"format-standard","5":"has-post-thumbnail","7":"category-lyon","8":"tag-actu","9":"tag-actualites","10":"tag-auvergne-rhone-alpes","11":"tag-eu","12":"tag-europe","13":"tag-fete-des-lumieres-de-lyon","14":"tag-fr","15":"tag-france","16":"tag-lyon","17":"tag-news","18":"tag-republique-francaise","19":"tag-societe"},"share_on_mastodon":{"url":"https:\/\/pubeurope.com\/@fr\/115902488403501090","error":""},"_links":{"self":[{"href":"https:\/\/www.europesays.com\/fr\/wp-json\/wp\/v2\/posts\/666742","targetHints":{"allow":["GET"]}}],"collection":[{"href":"https:\/\/www.europesays.com\/fr\/wp-json\/wp\/v2\/posts"}],"about":[{"href":"https:\/\/www.europesays.com\/fr\/wp-json\/wp\/v2\/types\/post"}],"author":[{"embeddable":true,"href":"https:\/\/www.europesays.com\/fr\/wp-json\/wp\/v2\/users\/2"}],"replies":[{"embeddable":true,"href":"https:\/\/www.europesays.com\/fr\/wp-json\/wp\/v2\/comments?post=666742"}],"version-history":[{"count":0,"href":"https:\/\/www.europesays.com\/fr\/wp-json\/wp\/v2\/posts\/666742\/revisions"}],"wp:featuredmedia":[{"embeddable":true,"href":"https:\/\/www.europesays.com\/fr\/wp-json\/wp\/v2\/media\/666743"}],"wp:attachment":[{"href":"https:\/\/www.europesays.com\/fr\/wp-json\/wp\/v2\/media?parent=666742"}],"wp:term":[{"taxonomy":"category","embeddable":true,"href":"https:\/\/www.europesays.com\/fr\/wp-json\/wp\/v2\/categories?post=666742"},{"taxonomy":"post_tag","embeddable":true,"href":"https:\/\/www.europesays.com\/fr\/wp-json\/wp\/v2\/tags?post=666742"}],"curies":[{"name":"wp","href":"https:\/\/api.w.org\/{rel}","templated":true}]}}