{"id":666744,"date":"2026-01-16T02:47:12","date_gmt":"2026-01-16T02:47:12","guid":{"rendered":"https:\/\/www.europesays.com\/fr\/666744\/"},"modified":"2026-01-16T02:47:12","modified_gmt":"2026-01-16T02:47:12","slug":"voici-les-nouveaux-jingles-que-vous-entendrez-sur-les-quais-ratp-et-sncf-en-ile-de-france-2","status":"publish","type":"post","link":"https:\/\/www.europesays.com\/fr\/666744\/","title":{"rendered":"Voici les nouveaux jingles que vous entendrez sur les quais RATP et SNCF en \u00cele-de-France"},"content":{"rendered":"<p class=\"mb-4 text-lg md:leading-8 break-words\">Petit changement dans le quotidien des usagers des trains et m\u00e9tros d\u2019\u00cele-de-France. Les jingles de la RATP et de la SNCF vont \u00eatre remplac\u00e9s. C\u2019est une seule et m\u00eame m\u00e9lodie qui retentira dans les couloirs et sur les quais des gares, a annonc\u00e9 \u00cele-de-France Mobilit\u00e9s (IDFM) mercredi 14\u00a0janvier.<\/p>\n<p class=\"mb-4 text-lg md:leading-8 break-words\">Ces six notes, jou\u00e9es au vibraphone, au piano et au marimba, viennent d\u2019un travail du compositeur Arnaud Biscay et du producteur Jean Dindinaud de la soci\u00e9t\u00e9 de production Chez Jean. Ils expliquent dans une <a href=\"https:\/\/www.youtube.com\/watch?time_continue=133&amp;v=PbUZJG3oHEY&amp;embeds_referring_euri=https%3A%2F%2Fwww.leparisien.fr%2F&amp;source_ve_path=MjM4NTE\" rel=\"nofollow noopener\" target=\"_blank\" data-ylk=\"slk:vid\u00e9o;elm:context_link;itc:0;sec:content-canvas\" class=\"link \">vid\u00e9o<\/a> que le jingle a \u00e9t\u00e9 pens\u00e9 en trois parties\u00a0: \u00ab\u00a0le mouvement, qui est un crescendo et des percussions\u00a0\u00bb et \u00ab\u00a0un bruit de pas\u00a0\u00bb, suivi du \u00ab\u00a0jingle, la m\u00e9lodie, qui est la v\u00e9ritable identit\u00e9, le jingle qui va rester dans la t\u00eate\u00a0\u00bb, et pour terminer \u00ab\u00a0un accord qui ouvre au d\u00e9placement et au voyage\u00a0\u00bb.<\/p>\n<p class=\"mb-4 text-lg md:leading-8 break-words\"><a href=\"https:\/\/fr.news.yahoo.com\/l-anecdote-m%C3%A8re-illustre-parfaitement-100007219.html\" data-ylk=\"slk:L\u2019anecdote de cette m\u00e8re illustre parfaitement la gal\u00e8re des parents dans le m\u00e9tro parisien;elm:context_link;itc:0;sec:content-canvas;outcm:mb_qualified_link;_E:mb_qualified_link;ct:story;\" class=\"link  yahoo-link\" target=\"_blank\" rel=\"noopener\"> L\u2019anecdote de cette m\u00e8re illustre parfaitement la gal\u00e8re des parents dans le m\u00e9tro parisien <\/a><\/p>\n<p class=\"mb-4 text-lg md:leading-8 break-words\">Pour eux, \u00ab\u00a0composer une musique qui va \u00eatre \u00e9cout\u00e9e par des millions d\u2019utilisateurs des transports en commun, c\u2019est une belle aventure\u00a0\u00bb. L\u2019objectif \u00e9tant que \u00ab\u00a0tout le monde puisse se reconna\u00eetre dans cette m\u00e9lodie\u00a0\u00bb.<\/p>\n<p class=\"mb-4 text-lg md:leading-8 break-words\">\u00ab\u00a0Vous venez d\u2019entendre notre nouvelle identit\u00e9 sonore\u00a0: fluide, agr\u00e9able, chaleureuse. Car \u00e0 partir du moment o\u00f9 le r\u00e9seau est ouvert \u00e0 la concurrence, il est n\u00e9cessaire d\u2019unifier le parcours\u00a0\u00bb, a pour sa part comment\u00e9 la pr\u00e9sidente de la r\u00e9gion et d\u2019IDFM Val\u00e9rie P\u00e9cresse lors de ses v\u0153ux de la nouvelle ann\u00e9e, rapporte <a href=\"https:\/\/www.leparisien.fr\/info-paris-ile-de-france-oise\/transports\/decouvrez-le-nouveau-jingle-sonore-qui-sera-deploye-dans-les-transports-franciliens-14-01-2026-KZNTJUJZ4RC7NPXIYGYSVPIPS4.php\" rel=\"nofollow noopener\" target=\"_blank\" data-ylk=\"slk:Le Parisien;elm:context_link;itc:0;sec:content-canvas\" class=\"link \">Le Parisien<\/a>.<\/p>\n<p class=\"mb-4 text-lg md:leading-8 break-words\">Sur les r\u00e9seaux sociaux chacun y va de son commentaire. Tandis que certains affirment, taquins, que cela ne changera rien puisqu\u2019\u00ab\u00a0on ne l\u2019entend pas\u00a0\u00bb, d\u2019autres y voient le son du \u00ab\u00a0d\u00e9marrage Windows\u00a0\u00bb. Ce nouveau sonore fera son apparition sur toutes les lignes de bus, m\u00e9tros, RER et Transiliens d\u2019ici la mi-2026. Quelques lignes en seront \u00e9quip\u00e9es dans les prochains jours, rapporte <a href=\"https:\/\/actu.fr\/ile-de-france\/paris_75056\/ecoutez-les-notes-du-nouveau-jingle-qui-resonneront-dans-tous-les-transports-d-ile-de-france_63701198.html\" rel=\"nofollow noopener\" target=\"_blank\" data-ylk=\"slk:Actu Paris;elm:context_link;itc:0;sec:content-canvas\" class=\"link \">Actu Paris<\/a>.<\/p>\n<p class=\"mb-4 text-lg md:leading-8 break-words\"><a href=\"https:\/\/fr.news.yahoo.com\/passe-navigo-forfait-mensuel-va-201230912.html\" data-ylk=\"slk:Passe Navigo\u00a0: le forfait mensuel va d\u00e9passer la barre symbolique des 90\u00a0euros d\u00e8s janvier\u00a02026;elm:context_link;itc:0;sec:content-canvas;outcm:mb_qualified_link;_E:mb_qualified_link;ct:story;\" class=\"link  yahoo-link\" target=\"_blank\" rel=\"noopener\"> Passe Navigo\u00a0: le forfait mensuel va d\u00e9passer la barre symbolique des 90\u00a0euros d\u00e8s janvier\u00a02026 <\/a><\/p>\n<p class=\"mb-4 text-lg md:leading-8 break-words\"><a href=\"https:\/\/fr.news.yahoo.com\/d%C3%A9place-fauteuil-roulant-%C3%A9puis%C3%A9-l-050010032.html\" data-ylk=\"slk:\u00ab\u00a0Je me d\u00e9place en fauteuil roulant et je suis \u00e9puis\u00e9 par l\u2019inaccessibilit\u00e9 des transports en commun\u00a0\u00bb - T\u00c9MOIGNAGE;elm:context_link;itc:0;sec:content-canvas;outcm:mb_qualified_link;_E:mb_qualified_link;ct:story;\" class=\"link  yahoo-link\" target=\"_blank\" rel=\"noopener\"> \u00ab\u00a0Je me d\u00e9place en fauteuil roulant et je suis \u00e9puis\u00e9 par l\u2019inaccessibilit\u00e9 des transports en commun\u00a0\u00bb &#8211; T\u00c9MOIGNAGE <\/a><\/p>\n","protected":false},"excerpt":{"rendered":"Petit changement dans le quotidien des usagers des trains et m\u00e9tros d\u2019\u00cele-de-France. Les jingles de la RATP et&hellip;\n","protected":false},"author":2,"featured_media":666745,"comment_status":"","ping_status":"","sticky":false,"template":"","format":"standard","meta":{"footnotes":""},"categories":[1592],"tags":[1111,11,1777,674,1011,27,21594,662,10883,12,626,25,76691],"class_list":{"0":"post-666744","1":"post","2":"type-post","3":"status-publish","4":"format-standard","5":"has-post-thumbnail","7":"category-ile-de-france","8":"tag-actu","9":"tag-actualites","10":"tag-eu","11":"tag-europe","12":"tag-fr","13":"tag-france","14":"tag-idfm","15":"tag-ile-de-france","16":"tag-ile-de-france-mobilites","17":"tag-news","18":"tag-paris","19":"tag-republique-francaise","20":"tag-societe-de-production"},"share_on_mastodon":{"url":"https:\/\/pubeurope.com\/@fr\/115902496401846615","error":""},"_links":{"self":[{"href":"https:\/\/www.europesays.com\/fr\/wp-json\/wp\/v2\/posts\/666744","targetHints":{"allow":["GET"]}}],"collection":[{"href":"https:\/\/www.europesays.com\/fr\/wp-json\/wp\/v2\/posts"}],"about":[{"href":"https:\/\/www.europesays.com\/fr\/wp-json\/wp\/v2\/types\/post"}],"author":[{"embeddable":true,"href":"https:\/\/www.europesays.com\/fr\/wp-json\/wp\/v2\/users\/2"}],"replies":[{"embeddable":true,"href":"https:\/\/www.europesays.com\/fr\/wp-json\/wp\/v2\/comments?post=666744"}],"version-history":[{"count":0,"href":"https:\/\/www.europesays.com\/fr\/wp-json\/wp\/v2\/posts\/666744\/revisions"}],"wp:featuredmedia":[{"embeddable":true,"href":"https:\/\/www.europesays.com\/fr\/wp-json\/wp\/v2\/media\/666745"}],"wp:attachment":[{"href":"https:\/\/www.europesays.com\/fr\/wp-json\/wp\/v2\/media?parent=666744"}],"wp:term":[{"taxonomy":"category","embeddable":true,"href":"https:\/\/www.europesays.com\/fr\/wp-json\/wp\/v2\/categories?post=666744"},{"taxonomy":"post_tag","embeddable":true,"href":"https:\/\/www.europesays.com\/fr\/wp-json\/wp\/v2\/tags?post=666744"}],"curies":[{"name":"wp","href":"https:\/\/api.w.org\/{rel}","templated":true}]}}