{"id":666756,"date":"2026-01-16T02:53:24","date_gmt":"2026-01-16T02:53:24","guid":{"rendered":"https:\/\/www.europesays.com\/fr\/666756\/"},"modified":"2026-01-16T02:53:24","modified_gmt":"2026-01-16T02:53:24","slug":"la-patronne-du-fmi-en-visite-en-ukraine-pour-la-premiere-fois-depuis-2023","status":"publish","type":"post","link":"https:\/\/www.europesays.com\/fr\/666756\/","title":{"rendered":"La patronne du FMI en visite en Ukraine pour la premi\u00e8re fois depuis 2023"},"content":{"rendered":"<p class=\"ap-StoryElement ap-StoryElement--mb ap-StoryText\">\u00ab\u00a0Avoir ce type de discussion est important pour elle. Et elle doit en profiter pour souligner l&rsquo;importance de poursuivre les r\u00e9formes et le soutien du FMI pour aller dans ce sens\u00a0\u00bb, a ajout\u00e9 Julie Kozack.<\/p>\n<p class=\"ap-StoryElement ap-StoryElement--mb ap-StoryText\">Une visite qui intervient alors que Kristalina Georgieva doit ensuite se rendre \u00e0 Davos, pour le Forum \u00e9conomique mondial, puis \u00e0 Bruxelles, o\u00f9 elle rencontrera les autorit\u00e9s europ\u00e9ennes.<\/p>\n<p><a href=\"https:\/\/www.lalibre.be\/economie\/conjoncture\/2025\/12\/16\/le-fmi-salue-la-taxe-sur-les-plus-values-et-pense-que-la-belgique-pourrait-aller-plus-loin-CHC2OTWK3NGQ3LFVKBLR5XGL5A\/\" target=\"_self\" class=\"ap-StoryInterstitialLink ap-StoryElement ap-StoryElement--mb\" rel=\"noopener\">Le FMI \u00ab\u00a0salue\u00a0\u00bb la taxe sur les plus-values et pense que la Belgique pourrait aller plus loin<\/a><\/p>\n<p class=\"ap-StoryElement ap-StoryElement--mb ap-StoryText\">Au passage, le FMI s&rsquo;est f\u00e9licit\u00e9 de l&rsquo;accord du \u00ab\u00a0Conseil europ\u00e9en pour apporter 90 milliards d&rsquo;euros en soutien financier \u00e0 l&rsquo;Ukraine en 2026 et 2027, c&rsquo;est une \u00e9tape importante pour r\u00e9duire les difficult\u00e9s de financements de l&rsquo;Ukraine et restaurer la soutenabilit\u00e9 de la dette\u00a0\u00bb, a estim\u00e9 Mme Kozack.<\/p>\n<p class=\"ap-StoryElement ap-StoryElement--mb ap-StoryText\">Le Fonds a accord\u00e9 en fin d&rsquo;ann\u00e9e un nouveau programme d&rsquo;aide de plus de huit milliards de dollars sur quatre ans, visant \u00e0 stabiliser l&rsquo;\u00e9conomie du pays en guerre.<\/p>\n<p class=\"ap-StoryElement ap-StoryElement--mb ap-StoryText\">A cette occasion, l&rsquo;institution de Washington avait estim\u00e9 \u00e0 63 milliards de dollars le manque de financement du gouvernement ukrainien pour son ann\u00e9e fiscale 2026\/27, et un total de 136,5 milliards de dollars pour la p\u00e9riode 2026-2029.<\/p>\n<p><a href=\"https:\/\/www.lalibre.be\/international\/europe\/2026\/01\/15\/la-commission-europeenne-verse-une-aide-dun-milliard-deuros-a-legypte-2R3PMWJTVVDW3IRNT6WLHFKPZM\/\" target=\"_self\" class=\"ap-StoryInterstitialLink ap-StoryElement ap-StoryElement--mb\" rel=\"noopener\">La Commission europ\u00e9enne verse une aide d&rsquo;un milliard d&rsquo;euros \u00e0 l&rsquo;\u00c9gypte<\/a><\/p>\n<p class=\"ap-StoryElement ap-StoryElement--mb ap-StoryText\">L&rsquo;Ukraine devrait pouvoir d\u00e9penser jusque 60 milliards d&rsquo;euros, sur les 90 milliards provenant de l&rsquo;Union europ\u00e9enne, pour renforcer ses capacit\u00e9s militaires, a signal\u00e9 mercredi la pr\u00e9sidente de la Commission europ\u00e9enne Ursula von der Leyen.<\/p>\n<p class=\"ap-StoryElement ap-StoryElement--mb ap-StoryText\">Les 30 milliards restant sur les 90 milliards du pr\u00eat europ\u00e9en seront utilis\u00e9s par Kiev pour ses besoins budg\u00e9taires, sous conditions de r\u00e9formes, li\u00e9es au renforcement de l&rsquo;Etat de droit ou \u00e0 la lutte anti-corruption, a pr\u00e9cis\u00e9 la Commission europ\u00e9enne.<\/p>\n<p class=\"ap-StoryElement ap-StoryElement--mb ap-StoryText\">L&rsquo;Ukraine ne remboursera ce pr\u00eat qu&rsquo;une fois des r\u00e9parations pay\u00e9es par la Russie. Les int\u00e9r\u00eats de ce pr\u00eat de l&rsquo;UE, soit environ trois milliards d&rsquo;euros par an, seront pay\u00e9s par le budget de l&rsquo;Union europ\u00e9enne.<\/p>\n<p><a href=\"https:\/\/www.lalibre.be\/economie\/conjoncture\/2025\/12\/16\/le-fmi-appelle-la-belgique-a-toucher-a-lindexation-des-salaires-et-a-la-loi-de-1996-des-reformes-plus-audacieuses-sont-necessaires-O55RORWDBJEOXAULXMFHTXF2JA\/\" target=\"_self\" class=\"ap-StoryInterstitialLink ap-StoryElement ap-StoryElement--mb\" rel=\"noopener\">Le FMI appelle la Belgique \u00e0 toucher \u00e0 l&rsquo;indexation des salaires et \u00e0 la loi de 1996 : \u00ab\u00a0Des r\u00e9formes plus audacieuses sont n\u00e9cessaires\u00a0\u00bb<\/a><\/p>\n","protected":false},"excerpt":{"rendered":"\u00ab\u00a0Avoir ce type de discussion est important pour elle. Et elle doit en profiter pour souligner l&rsquo;importance de&hellip;\n","protected":false},"author":2,"featured_media":666757,"comment_status":"","ping_status":"","sticky":false,"template":"","format":"standard","meta":{"footnotes":""},"categories":[1590],"tags":[11,4526,1003,2120,1777,674,590,13305,76692,635,12,9640,31083,220,2544],"class_list":{"0":"post-666756","1":"post","2":"type-post","3":"status-publish","4":"format-standard","5":"has-post-thumbnail","7":"category-ukraine","8":"tag-actualites","9":"tag-aide","10":"tag-budget","11":"tag-conflit","12":"tag-eu","13":"tag-europe","14":"tag-finance","15":"tag-fmi","16":"tag-kristalina-georgieva","17":"tag-marches","18":"tag-news","19":"tag-organisation","20":"tag-prets","21":"tag-ukraine","22":"tag-ursula-von-der-leyen"},"share_on_mastodon":{"url":"https:\/\/pubeurope.com\/@fr\/115902519881118761","error":""},"_links":{"self":[{"href":"https:\/\/www.europesays.com\/fr\/wp-json\/wp\/v2\/posts\/666756","targetHints":{"allow":["GET"]}}],"collection":[{"href":"https:\/\/www.europesays.com\/fr\/wp-json\/wp\/v2\/posts"}],"about":[{"href":"https:\/\/www.europesays.com\/fr\/wp-json\/wp\/v2\/types\/post"}],"author":[{"embeddable":true,"href":"https:\/\/www.europesays.com\/fr\/wp-json\/wp\/v2\/users\/2"}],"replies":[{"embeddable":true,"href":"https:\/\/www.europesays.com\/fr\/wp-json\/wp\/v2\/comments?post=666756"}],"version-history":[{"count":0,"href":"https:\/\/www.europesays.com\/fr\/wp-json\/wp\/v2\/posts\/666756\/revisions"}],"wp:featuredmedia":[{"embeddable":true,"href":"https:\/\/www.europesays.com\/fr\/wp-json\/wp\/v2\/media\/666757"}],"wp:attachment":[{"href":"https:\/\/www.europesays.com\/fr\/wp-json\/wp\/v2\/media?parent=666756"}],"wp:term":[{"taxonomy":"category","embeddable":true,"href":"https:\/\/www.europesays.com\/fr\/wp-json\/wp\/v2\/categories?post=666756"},{"taxonomy":"post_tag","embeddable":true,"href":"https:\/\/www.europesays.com\/fr\/wp-json\/wp\/v2\/tags?post=666756"}],"curies":[{"name":"wp","href":"https:\/\/api.w.org\/{rel}","templated":true}]}}