{"id":666758,"date":"2026-01-16T02:54:13","date_gmt":"2026-01-16T02:54:13","guid":{"rendered":"https:\/\/www.europesays.com\/fr\/666758\/"},"modified":"2026-01-16T02:54:13","modified_gmt":"2026-01-16T02:54:13","slug":"manifestations-en-iran-toutes-les-options-sur-la-table-selon-les-usa-une-responsable-de-lonu-sinquiete-2","status":"publish","type":"post","link":"https:\/\/www.europesays.com\/fr\/666758\/","title":{"rendered":"Manifestations en Iran &#8211; \u00ab\u00a0Toutes les options sur la table\u00a0\u00bb selon les USA, une responsable de l&rsquo;Onu s&rsquo;inqui\u00e8te"},"content":{"rendered":"<p class=\"ap-StoryElement ap-StoryElement--mb ap-StoryText\">Jusqu&rsquo;\u00e0 mercredi, les \u00c9tats-Unis mena\u00e7aient d&rsquo;une intervention militaire si le pays ne renon\u00e7ait pas \u00e0 ex\u00e9cuter les manifestants arr\u00eat\u00e9s. Mis en garde par ses alli\u00e9s du Golfe des risques de r\u00e9percussions dans la r\u00e9gion, Washington a depuis temporis\u00e9, ne fermant toutefois pas la porte \u00e0 une intervention.<\/p>\n<p class=\"ap-StoryElement ap-StoryElement--mb ap-StoryText\">\u00ab\u00a0Nous notons avec inqui\u00e9tude diverses d\u00e9clarations publiques \u00e9voquant de possibles frappes militaires contre l&rsquo;Iran. Cette dimension ext\u00e9rieure ajoute de la volatilit\u00e9 \u00e0 une situation d\u00e9j\u00e0 explosive\u00a0\u00bb, a comment\u00e9 Martha Ama Akyaa Pobee, secr\u00e9taire g\u00e9n\u00e9rale adjointe de l&rsquo;Onu. \u00ab\u00a0Tous les efforts doivent \u00eatre entrepris pour \u00e9viter toute nouvelle d\u00e9t\u00e9rioration.\u00a0\u00bb<\/p>\n<p class=\"ap-StoryElement ap-StoryElement--mb ap-StoryText\">Invit\u00e9e par Washington \u00e0 s&rsquo;exprimer lors de cette r\u00e9union, la journaliste irano-am\u00e9ricaine Masih Alinejad a affirm\u00e9 que \u00ab\u00a0les Iraniens\u00a0\u00bb \u00e9taient \u00ab\u00a0unis\u00a0\u00bb contre le r\u00e9gime et accueillaient \u00ab\u00a0favorablement l&rsquo;offre du pr\u00e9sident Trump de (leur) venir en aide\u00a0\u00bb.<\/p>\n","protected":false},"excerpt":{"rendered":"Jusqu&rsquo;\u00e0 mercredi, les \u00c9tats-Unis mena\u00e7aient d&rsquo;une intervention militaire si le pays ne renon\u00e7ait pas \u00e0 ex\u00e9cuter les manifestants&hellip;\n","protected":false},"author":2,"featured_media":2837,"comment_status":"","ping_status":"","sticky":false,"template":"","format":"standard","meta":{"footnotes":""},"categories":[1589],"tags":[11,554,312,73,1866,3019,2088,12,3521,1864,1865,1863,308],"class_list":{"0":"post-666758","1":"post","2":"type-post","3":"status-publish","4":"format-standard","5":"has-post-thumbnail","7":"category-etats-unis","8":"tag-actualites","9":"tag-defense","10":"tag-diplomatie","11":"tag-etats-unis","12":"tag-etats-unis-damerique","13":"tag-iran","14":"tag-manifestation","15":"tag-news","16":"tag-onu","17":"tag-united-states","18":"tag-united-states-of-america","19":"tag-us","20":"tag-usa"},"share_on_mastodon":{"url":"https:\/\/pubeurope.com\/@fr\/115902523888351588","error":""},"_links":{"self":[{"href":"https:\/\/www.europesays.com\/fr\/wp-json\/wp\/v2\/posts\/666758","targetHints":{"allow":["GET"]}}],"collection":[{"href":"https:\/\/www.europesays.com\/fr\/wp-json\/wp\/v2\/posts"}],"about":[{"href":"https:\/\/www.europesays.com\/fr\/wp-json\/wp\/v2\/types\/post"}],"author":[{"embeddable":true,"href":"https:\/\/www.europesays.com\/fr\/wp-json\/wp\/v2\/users\/2"}],"replies":[{"embeddable":true,"href":"https:\/\/www.europesays.com\/fr\/wp-json\/wp\/v2\/comments?post=666758"}],"version-history":[{"count":0,"href":"https:\/\/www.europesays.com\/fr\/wp-json\/wp\/v2\/posts\/666758\/revisions"}],"wp:featuredmedia":[{"embeddable":true,"href":"https:\/\/www.europesays.com\/fr\/wp-json\/wp\/v2\/media\/2837"}],"wp:attachment":[{"href":"https:\/\/www.europesays.com\/fr\/wp-json\/wp\/v2\/media?parent=666758"}],"wp:term":[{"taxonomy":"category","embeddable":true,"href":"https:\/\/www.europesays.com\/fr\/wp-json\/wp\/v2\/categories?post=666758"},{"taxonomy":"post_tag","embeddable":true,"href":"https:\/\/www.europesays.com\/fr\/wp-json\/wp\/v2\/tags?post=666758"}],"curies":[{"name":"wp","href":"https:\/\/api.w.org\/{rel}","templated":true}]}}