{"id":66677,"date":"2025-05-01T10:33:08","date_gmt":"2025-05-01T10:33:08","guid":{"rendered":"https:\/\/www.europesays.com\/fr\/66677\/"},"modified":"2025-05-01T10:33:08","modified_gmt":"2025-05-01T10:33:08","slug":"le-conducteur-est-en-fuite","status":"publish","type":"post","link":"https:\/\/www.europesays.com\/fr\/66677\/","title":{"rendered":"le conducteur est en fuite"},"content":{"rendered":"<p>            Par<br \/>\n        <strong><br \/>\n            <a href=\"https:\/\/actu.fr\/auteur\/julien-bouteiller\" title=\"Consulter tous les articles de Julien Bouteiller\" rel=\"nofollow noopener\" target=\"_blank\">Julien Bouteiller<\/a><br \/>\n        <\/strong><\/p>\n<p>        Publi\u00e9 le<\/p>\n<p>            1 mai 2025 \u00e0 8h54        <\/p>\n<p><strong>INFO 76ACTU. <\/strong>Drame au <a href=\"https:\/\/actu.fr\/normandie\/le-havre_76351\" rel=\"nofollow noopener\" target=\"_blank\">Havre<\/a>, dans la nuit du mercredi 30 avril au 1er mai 2025.<strong> Un pi\u00e9ton a \u00e9t\u00e9 tu\u00e9<\/strong>, fauch\u00e9 par un automobiliste. Comme nous le confirme une source polici\u00e8re, <strong>le chauffard est en fuite.<\/strong><\/p>\n<p>Un pi\u00e9ton mortellement fauch\u00e9<\/p>\n<p class=\" wall-content\">Selon nos informations, le choc s\u2019est produit <strong>aux alentours de 2h45, rue Denis-Papin<\/strong>. Dans des circonstances qui restent \u00e0 d\u00e9terminer, un pi\u00e9ton a \u00e9t\u00e9 percut\u00e9 par un automobiliste.\u00a0<\/p>\n<p class=\" wall-content\">Malgr\u00e9 l\u2019intervention des pompiers et du Smur, la victime n\u2019a pas pu \u00eatre ranim\u00e9e et est d\u00e9c\u00e9d\u00e9e. Le Service d\u00e9partemental d\u2019incendie et de secours nous pr\u00e9cise qu\u2019il s\u2019agit d\u2019un homme d\u2019une vingtaine d\u2019ann\u00e9es.<\/p>\n<p class=\" wall-content\">Le conducteur du v\u00e9hicule a quant \u00e0 lui pris la fuite et, \u00e0 l\u2019heure o\u00f9 nous \u00e9crivons ces lignes, n\u2019a pas encore \u00e9t\u00e9 retrouv\u00e9. <strong>Une enqu\u00eate de police est en cours.\u00a0<\/strong><\/p>\n<p>Suivez l\u2019actualit\u00e9 du Havre <a href=\"https:\/\/www.whatsapp.com\/channel\/0029VaFqJYE8aKvLBwVrEe0o\" rel=\"nofollow noopener\" target=\"_blank\">sur notre cha\u00eene WhatsApp<\/a> et <a href=\"https:\/\/www.tiktok.com\/@76actu.fr?lang=fr\" rel=\"nofollow noopener\" target=\"_blank\">sur notre compte TikTok<\/a>Vid\u00e9os : en ce moment sur Actu<\/p>\n<p class=\" wall-content\">Suivez toute l\u2019actualit\u00e9 de vos villes et m\u00e9dias favoris en vous inscrivant \u00e0 <a href=\"https:\/\/moncompte.actu.fr\" title=\"D\u00e9couvez Mon Actu\" rel=\"nofollow noopener\" data-trk=\"{&quot;cta&quot;:{&quot;action&quot;:&quot;https:\\\/\\\/moncompte.actu.fr&quot;,&quot;category&quot;:&quot;mon compte&quot;,&quot;from&quot;:&quot;article footer&quot;,&quot;name&quot;:&quot;Mon actu&quot;,&quot;type&quot;:&quot;cta&quot;}}\" target=\"_blank\">Mon Actu<\/a>.<\/p>\n<ul class=\"ac-article-tag wall-content\">\n<li><a href=\"https:\/\/actu.fr\/tag\/police\" data-trk=\"{&quot;cta&quot;:{&quot;action&quot;:&quot;Police&quot;,&quot;category&quot;:&quot;tag&quot;,&quot;from&quot;:&quot;article footer&quot;,&quot;name&quot;:&quot;Police&quot;,&quot;type&quot;:&quot;cta&quot;}}\" rel=\"nofollow noopener\" target=\"_blank\">#Police<\/a><\/li>\n<li><a href=\"https:\/\/actu.fr\/tag\/securite-routiere\" data-trk=\"{&quot;cta&quot;:{&quot;action&quot;:&quot;S\\u00e9curit\\u00e9 routi\\u00e8re&quot;,&quot;category&quot;:&quot;tag&quot;,&quot;from&quot;:&quot;article footer&quot;,&quot;name&quot;:&quot;S\\u00e9curit\\u00e9 routi\\u00e8re&quot;,&quot;type&quot;:&quot;cta&quot;}}\" rel=\"nofollow noopener\" target=\"_blank\">#S\u00e9curit\u00e9 routi\u00e8re<\/a><\/li>\n<\/ul>\n<p>                    <script async src=\"\/\/www.tiktok.com\/embed.js\"><\/script><\/p>\n","protected":false},"excerpt":{"rendered":"Par Julien Bouteiller Publi\u00e9 le 1 mai 2025 \u00e0 8h54 INFO 76ACTU. Drame au Havre, dans la nuit&hellip;\n","protected":false},"author":2,"featured_media":66678,"comment_status":"","ping_status":"","sticky":false,"template":"","format":"standard","meta":{"footnotes":""},"categories":[4],"tags":[11,118,1011,27,12,1072,25,5009],"class_list":{"0":"post-66677","1":"post","2":"type-post","3":"status-publish","4":"format-standard","5":"has-post-thumbnail","7":"category-france","8":"tag-actualites","9":"tag-faits-divers","10":"tag-fr","11":"tag-france","12":"tag-news","13":"tag-police","14":"tag-republique-francaise","15":"tag-securite-routiere"},"share_on_mastodon":{"url":"https:\/\/pubeurope.com\/@fr\/114432128008309369","error":""},"_links":{"self":[{"href":"https:\/\/www.europesays.com\/fr\/wp-json\/wp\/v2\/posts\/66677","targetHints":{"allow":["GET"]}}],"collection":[{"href":"https:\/\/www.europesays.com\/fr\/wp-json\/wp\/v2\/posts"}],"about":[{"href":"https:\/\/www.europesays.com\/fr\/wp-json\/wp\/v2\/types\/post"}],"author":[{"embeddable":true,"href":"https:\/\/www.europesays.com\/fr\/wp-json\/wp\/v2\/users\/2"}],"replies":[{"embeddable":true,"href":"https:\/\/www.europesays.com\/fr\/wp-json\/wp\/v2\/comments?post=66677"}],"version-history":[{"count":0,"href":"https:\/\/www.europesays.com\/fr\/wp-json\/wp\/v2\/posts\/66677\/revisions"}],"wp:featuredmedia":[{"embeddable":true,"href":"https:\/\/www.europesays.com\/fr\/wp-json\/wp\/v2\/media\/66678"}],"wp:attachment":[{"href":"https:\/\/www.europesays.com\/fr\/wp-json\/wp\/v2\/media?parent=66677"}],"wp:term":[{"taxonomy":"category","embeddable":true,"href":"https:\/\/www.europesays.com\/fr\/wp-json\/wp\/v2\/categories?post=66677"},{"taxonomy":"post_tag","embeddable":true,"href":"https:\/\/www.europesays.com\/fr\/wp-json\/wp\/v2\/tags?post=66677"}],"curies":[{"name":"wp","href":"https:\/\/api.w.org\/{rel}","templated":true}]}}