{"id":666782,"date":"2026-01-16T03:14:12","date_gmt":"2026-01-16T03:14:12","guid":{"rendered":"https:\/\/www.europesays.com\/fr\/666782\/"},"modified":"2026-01-16T03:14:12","modified_gmt":"2026-01-16T03:14:12","slug":"cest-un-echec-anthony-bourbon-qui-veut-etre-mon-associe-cash-face-a-un-entrepreneur-sur-son-chiffre-daffaires","status":"publish","type":"post","link":"https:\/\/www.europesays.com\/fr\/666782\/","title":{"rendered":"\u00ab\u00a0C&rsquo;est un \u00e9chec\u00a0\u00bb : Anthony Bourbon (Qui veut \u00eatre mon associ\u00e9 ?) cash face \u00e0 un entrepreneur sur son chiffre d&rsquo;affaires"},"content":{"rendered":"<p>Ce jeudi 15 janvier 2026, M6 proposait un nouveau num\u00e9ro de la saison 6 Qui veut \u00eatre mon associ\u00e9 ? Doudou Tamba, fondateur de Reptik, a subi un revers face aux investisseurs, et notamment d&rsquo;Anthony Bourbon.<\/p>\n<p>C&rsquo;est l&rsquo;\u00e9mission qui change la vie des entrepreneurs. Pour la saison 6 de Qui veut \u00eatre mon associ\u00e9 ? diffus\u00e9e sur M6, ceux qui esp\u00e9raient obtenir des fonds et un accompagnement des investisseurs ont pu compter sur le soutien de personnalit\u00e9s comme le Youtubeur Inoxtag, le chef <a href=\"https:\/\/www.programme-tv.net\/news\/tv\/395419-je-suis-la-en-tant-que-papa-yannick-alleno-evoque-la-mort-de-son-fils-antoine-dans-qui-veut-etre-mon-associe\/\" data-api-deeplink=\"teleloisirs:\/\/news\/395419\" target=\"_blank\" rel=\"noopener\">Yannick All\u00e9no <\/a>et la chanteuse Lorie. C\u00f4t\u00e9 jury, <a href=\"https:\/\/www.programme-tv.net\/news\/tv\/388925-exclu-julian-jacob-revele-les-raisons-de-son-depart-de-qui-veut-etre-mon-associe\/\" data-api-deeplink=\"teleloisirs:\/\/news\/388925\" target=\"_blank\" rel=\"noopener\">Julian Jacob <\/a>a laiss\u00e9 sa place<a href=\"https:\/\/www.programme-tv.net\/news\/tv\/395415-jonathan-anguelov-nouvel-investisseur-de-qui-veut-etre-mon-associe-la-comparaison-avec-anthony-bourbon-est-assez-facile\/\" data-api-deeplink=\"teleloisirs:\/\/news\/395415\" target=\"_blank\" rel=\"noopener\"> Jonathan Anguelov, <\/a>co-fondateur de l&rsquo;entreprise de t\u00e9l\u00e9phonie Aircall. Comme les ann\u00e9es pr\u00e9c\u00e9dentes, certains ont \u00e9t\u00e9 f\u00e9licit\u00e9s pour leur pitch et l&rsquo;id\u00e9e qu&rsquo;ils ont su transformer en entreprise. Tandis que pour d&rsquo;autres, le passage dans l&rsquo;\u00e9mission <a href=\"https:\/\/www.programme-tv.net\/news\/tv\/395426-aiko-leroux-cactus-lock-revient-sur-l-echec-de-sa-demonstration-dans-qui-veut-etre-mon-associe-tout-ne-s-est-pas-deroule-comme-je-l-avais-imagine\/\" data-api-deeplink=\"teleloisirs:\/\/news\/395426\" target=\"_blank\" rel=\"noopener\">peut s&rsquo;av\u00e9rer plus compliqu\u00e9. <\/a><\/p>\n<p>Ce jeudi 15 janvier 2026,  l&rsquo;entrepreneur pr\u00e9nomm\u00e9<b> Doudou Tamba a pr\u00e9sent\u00e9 sa startup Reptik<\/b>. En alliant tradition africaine et innovation scientifique, il con\u00e7oit<b> des solutions de sant\u00e9 naturelles issues de plantes s\u00e9n\u00e9galaises<\/b>, comme un r\u00e9pulsif anti-moustique. \u00ab\u00a0Au travers du prisme des sciences modernes et en combinant les savoirs ancestraux, j&rsquo;arrive \u00e0 d\u00e9celer des propri\u00e9t\u00e9s qu&rsquo;on peut valoriser dans la sant\u00e9 et le bien-\u00eatre. C&rsquo;est ainsi que j&rsquo;ai d\u00e9couvert, en travaillant avec les meilleurs professeurs de la Facult\u00e9 de pharmacie de Marseille, un nouvel actif peptide \u00e0 une efficacit\u00e9 \u00e0 100\u00a0%. Aucun moustique ne vous pique\u00a0\u00bb, explique-t-il en pr\u00e9cisant qu&rsquo;un brevet a \u00e9t\u00e9 d\u00e9pos\u00e9. S&rsquo;il est s\u00e9duit par le produit, le jury pointe du doigt les r\u00e9sultats de l&rsquo;entreprise cr\u00e9\u00e9e en ao\u00fbt 2024. <b>\u00ab\u00a0<\/b><b>Si tu fais 10\u00a0000\u00a0euros de chiffre d&rsquo;affaires en un an, c&rsquo;est un \u00e9chec\u00a0\u00bb, <\/b><b>argue Anthony Bourbon<\/b>. \u00ab\u00a0Mais c&rsquo;est sans aucune ressource\u00a0\u00bb, lui r\u00e9pond-il. <a href=\"https:\/\/www.programme-tv.net\/news\/people\/372307-anthony-bourbon-qui-veut-etre-mon-associe-bientot-milliardaire-avant-ses-40-ans-je-m-en-rapproche\/\" data-api-deeplink=\"teleloisirs:\/\/news\/372307\" target=\"_blank\" rel=\"noopener\">Celui qui veut devenir milliardaire avant ses 40 ans<\/a> insiste n\u00e9anmoins \u00ab\u00a0Oui mais d&rsquo;accord, mais c&rsquo;est un \u00e9chec quand m\u00eame.<\/p>\n<p>                        Qui veut \u00eatre mon associ\u00e9 ? : pourquoi Anthony Bourbon a dit au fondateur de Reptik que son entreprise a \u00e9t\u00e9 un \u00e9chec ?<\/p>\n<p>Anthony Bourbon d\u00e9veloppe alors son avis tranch\u00e9 : \u00ab\u00a0Tu aurais pu faire de la com. Tu as 200 abonn\u00e9s sur Instagram. Une fois que tu as enlev\u00e9 ta famille et tes potes, \u00e7a veut dire qu&rsquo;il y a 50 personnes. Tu ne peux pas juste attendre que les gens viennent\u00a0\u00bb. Et de critiquer la valorisation demand\u00e9e \u00e0 4 millions d&rsquo;euros : \u00ab\u00a0Tu as vendu pour 10\u00a0000\u00a0euros. C&rsquo;est ce que fait mon boulanger en une semaine. Et tu dis : &lsquo;Je veux 4 millions\u00a0d&rsquo;euros.&rsquo; <b>Tu comprends qu&rsquo;il y a un probl\u00e8me ?<\/b>\u00a0\u00bb Voil\u00e0 qui est dit.<\/p>\n","protected":false},"excerpt":{"rendered":"Ce jeudi 15 janvier 2026, M6 proposait un nouveau num\u00e9ro de la saison 6 Qui veut \u00eatre mon&hellip;\n","protected":false},"author":2,"featured_media":666783,"comment_status":"","ping_status":"","sticky":false,"template":"","format":"standard","meta":{"footnotes":""},"categories":[1356],"tags":[76694,244,58,59,1011,27,494,76695,252,1364,1630],"class_list":{"0":"post-666782","1":"post","2":"type-post","3":"status-publish","4":"format-standard","5":"has-post-thumbnail","7":"category-television","8":"tag-anthony-bourbon","9":"tag-commentaire","10":"tag-divertissement","11":"tag-entertainment","12":"tag-fr","13":"tag-france","14":"tag-m6","15":"tag-qui-veut-u00eatre-mon-associu00e9","16":"tag-television","17":"tag-tv","18":"tag-zapping"},"share_on_mastodon":{"url":"https:\/\/pubeurope.com\/@fr\/115902602737214238","error":""},"_links":{"self":[{"href":"https:\/\/www.europesays.com\/fr\/wp-json\/wp\/v2\/posts\/666782","targetHints":{"allow":["GET"]}}],"collection":[{"href":"https:\/\/www.europesays.com\/fr\/wp-json\/wp\/v2\/posts"}],"about":[{"href":"https:\/\/www.europesays.com\/fr\/wp-json\/wp\/v2\/types\/post"}],"author":[{"embeddable":true,"href":"https:\/\/www.europesays.com\/fr\/wp-json\/wp\/v2\/users\/2"}],"replies":[{"embeddable":true,"href":"https:\/\/www.europesays.com\/fr\/wp-json\/wp\/v2\/comments?post=666782"}],"version-history":[{"count":0,"href":"https:\/\/www.europesays.com\/fr\/wp-json\/wp\/v2\/posts\/666782\/revisions"}],"wp:featuredmedia":[{"embeddable":true,"href":"https:\/\/www.europesays.com\/fr\/wp-json\/wp\/v2\/media\/666783"}],"wp:attachment":[{"href":"https:\/\/www.europesays.com\/fr\/wp-json\/wp\/v2\/media?parent=666782"}],"wp:term":[{"taxonomy":"category","embeddable":true,"href":"https:\/\/www.europesays.com\/fr\/wp-json\/wp\/v2\/categories?post=666782"},{"taxonomy":"post_tag","embeddable":true,"href":"https:\/\/www.europesays.com\/fr\/wp-json\/wp\/v2\/tags?post=666782"}],"curies":[{"name":"wp","href":"https:\/\/api.w.org\/{rel}","templated":true}]}}