{"id":666796,"date":"2026-01-16T03:22:22","date_gmt":"2026-01-16T03:22:22","guid":{"rendered":"https:\/\/www.europesays.com\/fr\/666796\/"},"modified":"2026-01-16T03:22:22","modified_gmt":"2026-01-16T03:22:22","slug":"pourquoi-les-volumes-ont-explose-de-20-juste-avant-2026","status":"publish","type":"post","link":"https:\/\/www.europesays.com\/fr\/666796\/","title":{"rendered":"pourquoi les volumes ont explos\u00e9 de 20% juste avant 2026"},"content":{"rendered":"<p>              <img decoding=\"async\" class=\"article-author__picture webp\" src=\"https:\/\/www.europesays.com\/fr\/wp-content\/uploads\/2025\/04\/matias-perea-85px.jpg.webp\" alt=\"Matias Perea\"\/><\/p>\n<p class=\"article-author__info--name\"> Par<br \/>\n                      <a href=\"https:\/\/selectra.info\/equipe\/matias\" target=\"_blank\" rel=\"noopener author\"> Matias Perea <\/a><\/p>\n<p class=\"article-author__info--description\"> Analyste \u00c9nergie <\/p>\n<p>        Publi\u00e9 le<\/p>\n<p>                                15\/01\/2026<\/p>\n<p>            min de lecture\n        <\/p>\n<p>Sauf indication contraire, tous les prix pr\u00e9sent\u00e9s sur cette page sont TTC.<\/p>\n<p>  <img decoding=\"async\" class=\"new-ads__card-logo\" src=\"https:\/\/www.europesays.com\/fr\/wp-content\/uploads\/2025\/08\/electricite.png\" alt=\"logo\" loading=\"lazy\"\/><\/p>\n<p class=\"new-ads__card-title\">La m\u00eame \u00e9lectricit\u00e9, moins ch\u00e8re !<\/p>\n<p class=\"new-ads__card-description\">\u00c9conomisez en changeant d&rsquo;offre avec Selectra<\/p>\n<p>        <img decoding=\"async\" class=\"new-ads__card-logo\" src=\"https:\/\/www.europesays.com\/fr\/wp-content\/uploads\/2025\/12\/ekwateur-xs.png\" alt=\"logo\" loading=\"lazy\"\/><\/p>\n<p class=\"new-ads__card-title\">L&rsquo;offre du moment \u00e0 -20% (HT) par rapport au tarif r\u00e9glement\u00e9<\/p>\n<p class=\"new-ads__card-description\">De l&rsquo;\u00e9lectricit\u00e9 verte \u00e0 prix fixe moins ch\u00e8re<\/p>\n<p class=\"intro\">C&rsquo;est une effervescence que les salles de march\u00e9 de l&rsquo;\u00e9nergie n&rsquo;avaient pas connue depuis longtemps. Alors que la France s&rsquo;appr\u00eatait \u00e0 tourner la page historique de l&rsquo;ARENH au 1er janvier 2026, les compteurs se sont affol\u00e9s en coulisses. La Commission de r\u00e9gulation de l&rsquo;\u00e9nergie (CRE) vient de d\u00e9voiler le bilan d&rsquo;une ann\u00e9e 2025 hors normes, marqu\u00e9e par une fi\u00e8vre acheteuse in\u00e9dite. Les volumes d&rsquo;\u00e9lectricit\u00e9 \u00e9chang\u00e9s ont bondi de mani\u00e8re spectaculaire, signe que les fournisseurs et producteurs ont d\u00fb revoir toute leur strat\u00e9gie d&rsquo;approvisionnement dans l&rsquo;urgence. Derri\u00e8re ces graphiques techniques se dessine le nouveau visage de votre facture d&rsquo;\u00e9lectricit\u00e9 pour les ann\u00e9es \u00e0 venir.<\/p>\n<p>\u00c0 ne pas manquer<\/p>\n<p class=\"new-ads__card-title\">\n          Ne ratez plus aucune actu !\n        <\/p>\n<p>2025 : L&rsquo;ann\u00e9e de tous les records pour le march\u00e9 de l&rsquo;\u00e9lectricit\u00e9<\/p>\n<p><a href=\"https:\/\/www.cre.fr\/fileadmin\/Documents\/Rapports_et_etudes\/2026\/Bulletin_marches_de_gros_electricite_T4_2025.pdf\" target=\"_blank\" rel=\"noopener\">Les chiffres publi\u00e9s aujourd&rsquo;hui<\/a> par le r\u00e9gulateur confirment l&rsquo;impression g\u00e9n\u00e9rale des experts du secteur : le march\u00e9 de gros fran\u00e7ais a chang\u00e9 de dimension. L&rsquo;ann\u00e9e 2025 se solde par un volume total d&rsquo;\u00e9changes atteignant <strong>1897 TWh<\/strong>. Pour donner une id\u00e9e de l&rsquo;ampleur du ph\u00e9nom\u00e8ne, cela repr\u00e9sente <strong>une hausse de 20 % par rapport \u00e0 une ann\u00e9e 2024<\/strong> qui \u00e9tait d\u00e9j\u00e0 consid\u00e9r\u00e9e comme tr\u00e8s dynamique.<\/p>\n<p>Cette acc\u00e9l\u00e9ration n&rsquo;a fait que s&rsquo;amplifier au fil des mois. Le quatri\u00e8me trimestre 2025, juste avant la fin de l&rsquo;ARENH, a vu s&rsquo;\u00e9changer <strong>550 TWh d&rsquo;\u00e9lectricit\u00e9<\/strong>, soit une progression de 16 % par rapport \u00e0 la m\u00eame p\u00e9riode l&rsquo;ann\u00e9e pr\u00e9c\u00e9dente.\u00a0<\/p>\n<p>La fin de l&rsquo;ARENH : le grand catalyseur<\/p>\n<p>Pourquoi une telle agitation ? La r\u00e9ponse tient en un acronyme qui a domin\u00e9 le secteur pendant plus d&rsquo;une d\u00e9cennie : <a href=\"https:\/\/selectra.info\/energie\/guides\/comprendre\/arenh\" target=\"_blank\" rel=\"noopener\">l&rsquo;ARENH (Acc\u00e8s R\u00e9gul\u00e9 \u00e0 l&rsquo;\u00c9lectricit\u00e9 Nucl\u00e9aire Historique)<\/a>. Ce m\u00e9canisme, qui permettait aux fournisseurs alternatifs d&rsquo;acheter de l&rsquo;\u00e9lectricit\u00e9 nucl\u00e9aire \u00e0 prix fixe et bas aupr\u00e8s d&rsquo;<a href=\"https:\/\/selectra.info\/energie\/fournisseurs\/edf\" target=\"_blank\" rel=\"noopener\">EDF<\/a>, a d\u00e9finitivement cess\u00e9 d&rsquo;exister le 1er janvier 2026.<\/p>\n<p>Face \u00e0 cette \u00e9ch\u00e9ance programm\u00e9e, les acteurs du march\u00e9 (fournisseurs, traders, gros industriels) ne pouvaient plus se reposer sur ce filet de s\u00e9curit\u00e9. Ils ont d\u00fb \u00ab\u00a0couvrir\u00a0\u00bb leurs besoins directement sur les march\u00e9s, <strong>achetant de l&rsquo;\u00e9lectricit\u00e9 pour 2026, 2027 et au-del\u00e0<\/strong>.\u00a0<\/p>\n<p>Cette transition forc\u00e9e vers le march\u00e9 libre explique pourquoi la liquidit\u00e9 a explos\u00e9. Les acteurs cherchent d\u00e9sormais \u00e0 s\u00e9curiser leurs prix sur le long terme pour \u00e9viter la volatilit\u00e9.<\/p>\n<p>  <img decoding=\"async\" class=\"new-ads__card-logo\" src=\"https:\/\/www.europesays.com\/fr\/wp-content\/uploads\/2025\/08\/conso.png\" alt=\"logo\" loading=\"lazy\"\/><\/p>\n<p class=\"new-ads__card-title\">Diminuez votre consommation avec Selectra !<\/p>\n<p class=\"new-ads__card-description\">R\u00e9duisez vos factures d&rsquo;\u00e9lectricit\u00e9 en contactant un de nos conseillers :<\/p>\n<p>        <img decoding=\"async\" class=\"new-ads__card-logo\" src=\"https:\/\/www.europesays.com\/fr\/wp-content\/uploads\/2025\/12\/ekwateur-xs.png\" alt=\"logo\" loading=\"lazy\"\/><\/p>\n<p class=\"new-ads__card-title\">L&rsquo;offre du moment \u00e0 -20% (HT) par rapport au tarif r\u00e9glement\u00e9<\/p>\n<p class=\"new-ads__card-description\">De l&rsquo;\u00e9lectricit\u00e9 verte \u00e0 prix fixe moins ch\u00e8re<\/p>\n<p>Une vision \u00e0 long terme qui se consolide<\/p>\n<p>L&rsquo;un des signaux les plus rassurants de ce rapport concerne ce que les sp\u00e9cialistes appellent la \u00ab\u00a0maturit\u00e9\u00a0\u00bb des \u00e9changes. Le march\u00e9 ne se contente pas de r\u00e9agir au jour le jour. Les transactions pour des livraisons dans 3, 4 ou 5 ans (ce qu&rsquo;on appelle les march\u00e9s moyen terme) ont repris des couleurs en fin d&rsquo;ann\u00e9e.<\/p>\n<p><img decoding=\"async\" class=\"u-img--fluid\" src=\"https:\/\/www.europesays.com\/fr\/wp-content\/uploads\/2026\/01\/volumes-echanges-a-terme-bilan-cre-marche-de-gros.png\" alt=\"Volumes \u00e9chang\u00e9s \u00e0 terme sur les maturit\u00e9s Y+3, Y+4 et Y+5 March\u00e9 Spot\" loading=\"lazy\"\/>Volumes \u00e9chang\u00e9s \u00e0 terme sur les maturit\u00e9s Y+3, Y+4 et Y+5<\/p>\n<p>Apr\u00e8s un l\u00e9ger passage \u00e0 vide, ces contrats de long terme ont retrouv\u00e9 des niveaux similaires \u00e0 2024. Cela signifie concr\u00e8tement que <strong>les fournisseurs ach\u00e8tent de l&rsquo;\u00e9lectricit\u00e9 pour 2028 ou 2029<\/strong>, cherchant ainsi \u00e0 lisser les co\u00fbts et, esp\u00e9rons-le, \u00e0 proposer des offres plus stables aux consommateurs finaux.<\/p>\n<p>Explosion des volumes \u00e9chang\u00e9s sur le march\u00e9 fran\u00e7ais (en TWh)<\/p>\n<tr>Ann\u00e9eVolume Total \u00c9chang\u00e9\u00c9volution annuelle<\/tr>\n<tr>\n<td>2023<\/td>\n<td>805 TWh<\/td>\n<td>&#8211;<\/td>\n<\/tr>\n<tr>\n<td>2024<\/td>\n<td>1 583 TWh<\/td>\n<td>+ 96 %<\/td>\n<\/tr>\n<tr>\n<td><strong>2025<\/strong><\/td>\n<td><strong>1 897 TWh<\/strong><\/td>\n<td><strong>+ 20 %<\/strong><\/td>\n<\/tr>\n<p>Quelles cons\u00e9quences pour le consommateur ?<\/p>\n<p>Cette effervescence boursi\u00e8re peut sembler lointaine pour le particulier qui regarde son compteur Linky, mais elle est cruciale. Un march\u00e9 \u00ab\u00a0liquide\u00a0\u00bb et profond, o\u00f9 s&rsquo;\u00e9changent d&rsquo;\u00e9normes volumes, est g\u00e9n\u00e9ralement le signe <strong>d&rsquo;un fonctionnement sain<\/strong>. Cela permet de \u00ab\u00a0proposer\u00a0\u00bb le juste prix de l&rsquo;\u00e9lectricit\u00e9 \u00e0 leurs clients.<\/p>\n<p>La fin de l&rsquo;ARENH marquait un saut dans l&rsquo;inconnu. Ces chiffres montrent que le march\u00e9 a absorb\u00e9 le choc : les op\u00e9rateurs ont anticip\u00e9, achet\u00e9 et vendu sans panique, mais avec intensit\u00e9.<\/p>\n<p>Pour les m\u00e9nages, cela devrait se traduire par une offre de contrats plus diversifi\u00e9e, les fournisseurs ayant d\u00e9sormais s\u00e9curis\u00e9 leurs approvisionnements via ces m\u00e9canismes de march\u00e9 plut\u00f4t que par le guichet unique d&rsquo;EDF.<\/p>\n<p>  <img decoding=\"async\" class=\"new-ads__card-logo\" src=\"https:\/\/www.europesays.com\/fr\/wp-content\/uploads\/2025\/08\/electricite.png\" alt=\"logo\" loading=\"lazy\"\/><\/p>\n<p class=\"new-ads__card-title\">La m\u00eame \u00e9lectricit\u00e9, moins ch\u00e8re !<\/p>\n<p class=\"new-ads__card-description\">\u00c9conomisez en changeant d&rsquo;offre avec Selectra<\/p>\n<p>        <img decoding=\"async\" class=\"new-ads__card-logo\" src=\"https:\/\/www.europesays.com\/fr\/wp-content\/uploads\/2025\/12\/ekwateur-xs.png\" alt=\"logo\" loading=\"lazy\"\/><\/p>\n<p class=\"new-ads__card-title\">L&rsquo;offre du moment \u00e0 -20% (HT) par rapport au tarif r\u00e9glement\u00e9<\/p>\n<p class=\"new-ads__card-description\">De l&rsquo;\u00e9lectricit\u00e9 verte \u00e0 prix fixe moins ch\u00e8re<\/p>\n<p>      Avez-vous trouv\u00e9 cet article utile ?<\/p>\n<p>100% des 1 votes trouvent l&rsquo;information utile.<\/p>\n","protected":false},"excerpt":{"rendered":"Par Matias Perea Analyste \u00c9nergie Publi\u00e9 le 15\/01\/2026 min de lecture Sauf indication contraire, tous les prix pr\u00e9sent\u00e9s&hellip;\n","protected":false},"author":2,"featured_media":666797,"comment_status":"","ping_status":"","sticky":false,"template":"","format":"standard","meta":{"footnotes":""},"categories":[6],"tags":[35,33,34,1011,27],"class_list":{"0":"post-666796","1":"post","2":"type-post","3":"status-publish","4":"format-standard","5":"has-post-thumbnail","7":"category-economie","8":"tag-business","9":"tag-economie","10":"tag-economy","11":"tag-fr","12":"tag-france"},"share_on_mastodon":{"url":"https:\/\/pubeurope.com\/@fr\/115902634314884787","error":""},"_links":{"self":[{"href":"https:\/\/www.europesays.com\/fr\/wp-json\/wp\/v2\/posts\/666796","targetHints":{"allow":["GET"]}}],"collection":[{"href":"https:\/\/www.europesays.com\/fr\/wp-json\/wp\/v2\/posts"}],"about":[{"href":"https:\/\/www.europesays.com\/fr\/wp-json\/wp\/v2\/types\/post"}],"author":[{"embeddable":true,"href":"https:\/\/www.europesays.com\/fr\/wp-json\/wp\/v2\/users\/2"}],"replies":[{"embeddable":true,"href":"https:\/\/www.europesays.com\/fr\/wp-json\/wp\/v2\/comments?post=666796"}],"version-history":[{"count":0,"href":"https:\/\/www.europesays.com\/fr\/wp-json\/wp\/v2\/posts\/666796\/revisions"}],"wp:featuredmedia":[{"embeddable":true,"href":"https:\/\/www.europesays.com\/fr\/wp-json\/wp\/v2\/media\/666797"}],"wp:attachment":[{"href":"https:\/\/www.europesays.com\/fr\/wp-json\/wp\/v2\/media?parent=666796"}],"wp:term":[{"taxonomy":"category","embeddable":true,"href":"https:\/\/www.europesays.com\/fr\/wp-json\/wp\/v2\/categories?post=666796"},{"taxonomy":"post_tag","embeddable":true,"href":"https:\/\/www.europesays.com\/fr\/wp-json\/wp\/v2\/tags?post=666796"}],"curies":[{"name":"wp","href":"https:\/\/api.w.org\/{rel}","templated":true}]}}