{"id":666806,"date":"2026-01-16T03:27:11","date_gmt":"2026-01-16T03:27:11","guid":{"rendered":"https:\/\/www.europesays.com\/fr\/666806\/"},"modified":"2026-01-16T03:27:11","modified_gmt":"2026-01-16T03:27:11","slug":"pronostic-saint-etienne-clermont-ligue-2","status":"publish","type":"post","link":"https:\/\/www.europesays.com\/fr\/666806\/","title":{"rendered":"Pronostic Saint \u00c9tienne Clermont &#8211; Ligue 2"},"content":{"rendered":"<p class=\"text-xs leading-5 text-gray-400 mb-2\">\n                        Publi\u00e9 le 15\/01\/2026 14:55<br \/>\n                        \u00a0par<br \/>\n                                                            <a href=\"https:\/\/www.sportytrader.com\/auteur\/steeven-occhipinti-1\/\" target=\"_blank\" rel=\"noopener\">Steeven Occhipinti<\/a><\/p>\n<p>                                                                            dans<br \/>\n                            <a data-trans=\"tips.published.competition %competition%\" href=\"https:\/\/www.sportytrader.com\/pronostics\/football\/france\/ligue-2-124\/\" target=\"_blank\" rel=\"noopener\"><br \/>\n                                Pronostic Ligue 2<br \/>\n                            <\/a>\n                                            <\/p>\n<p style=\"text-align: justify;\">Ce samedi, la 19e journ\u00e9e de la Ligue 2 se poursuit avec une affiche entre l&rsquo;AS Saint-\u00c9tienne et le Clermont Foot \u00e0 20h55 au Stade Geoffroy-Guichard. Les Verts ont besoin de se rassurer en ce d\u00e9but d&rsquo;ann\u00e9e 2026. Ils n&rsquo;ont pas gagn\u00e9 lors de leurs 3 pr\u00e9c\u00e9dentes journ\u00e9es. Apr\u00e8s une d\u00e9faite face \u00e0 l&rsquo;USL Dunkerque (1-0), le club st\u00e9phanois a \u00e9t\u00e9 accroch\u00e9 par le SC Bastia (2-2) et le Mans FC (0-0). De quoi reculer \u00e0 la 4e place du classement ! L&rsquo;\u00e9quipe entra\u00een\u00e9e par\u00a0Eirik Horneland a bien l&rsquo;intention de renouer avec la victoire d\u00e8s ce week-end. Elle compte reprendre tr\u00e8s vite place dans le top 2 pour viser une mont\u00e9e directe dans l&rsquo;\u00e9lite du football tricolore.<\/p>\n<p style=\"text-align: justify;\">De son c\u00f4t\u00e9, le Clermont Foot est pr\u00e9sent dans le milieu de tableau de la Ligue 2. Apr\u00e8s sa derni\u00e8re belle victoire face au Stade Lavallois (4-1), il s&rsquo;est install\u00e9 \u00e0 la 11e position du classement. Il ne peut cependant pas se permettre de lever le pied, puisqu&rsquo;il n&rsquo;a que 6 longueurs d&rsquo;avance sur la zone rouge. Le club clermontois reste d&rsquo;ailleurs en difficult\u00e9 loin de ses bases. Il n&rsquo;a pris qu&rsquo;un seul point lors de ses 3 pr\u00e9c\u00e9dents d\u00e9placements en Ligue 2. Ce n&rsquo;est pas le meilleur moyen pour les hommes de\u00a0Gr\u00e9gory Proment de pr\u00e9parer cette affiche\u00a0dans le Forez. D&rsquo;autant plus qu&rsquo;ils avaient \u00e9t\u00e9 battus par l&rsquo;ASSE lors du match aller \u00e0 domicile (1-2).<\/p>\n","protected":false},"excerpt":{"rendered":"Publi\u00e9 le 15\/01\/2026 14:55 \u00a0par Steeven Occhipinti dans Pronostic Ligue 2 Ce samedi, la 19e journ\u00e9e de la&hellip;\n","protected":false},"author":2,"featured_media":666807,"comment_status":"","ping_status":"","sticky":false,"template":"","format":"standard","meta":{"footnotes":""},"categories":[9653],"tags":[1111,11,2430,2313,1777,674,1011,27,446,12,1817,1821,25,4001],"class_list":{"0":"post-666806","1":"post","2":"type-post","3":"status-publish","4":"format-standard","5":"has-post-thumbnail","7":"category-saint-etienne","8":"tag-actu","9":"tag-actualites","10":"tag-auvergne-rhone-alpes","11":"tag-clermont","12":"tag-eu","13":"tag-europe","14":"tag-fr","15":"tag-france","16":"tag-ligue-2","17":"tag-news","18":"tag-pronostic","19":"tag-pronostics","20":"tag-republique-francaise","21":"tag-saint-etienne"},"share_on_mastodon":{"url":"https:\/\/pubeurope.com\/@fr\/115902653585888512","error":""},"_links":{"self":[{"href":"https:\/\/www.europesays.com\/fr\/wp-json\/wp\/v2\/posts\/666806","targetHints":{"allow":["GET"]}}],"collection":[{"href":"https:\/\/www.europesays.com\/fr\/wp-json\/wp\/v2\/posts"}],"about":[{"href":"https:\/\/www.europesays.com\/fr\/wp-json\/wp\/v2\/types\/post"}],"author":[{"embeddable":true,"href":"https:\/\/www.europesays.com\/fr\/wp-json\/wp\/v2\/users\/2"}],"replies":[{"embeddable":true,"href":"https:\/\/www.europesays.com\/fr\/wp-json\/wp\/v2\/comments?post=666806"}],"version-history":[{"count":0,"href":"https:\/\/www.europesays.com\/fr\/wp-json\/wp\/v2\/posts\/666806\/revisions"}],"wp:featuredmedia":[{"embeddable":true,"href":"https:\/\/www.europesays.com\/fr\/wp-json\/wp\/v2\/media\/666807"}],"wp:attachment":[{"href":"https:\/\/www.europesays.com\/fr\/wp-json\/wp\/v2\/media?parent=666806"}],"wp:term":[{"taxonomy":"category","embeddable":true,"href":"https:\/\/www.europesays.com\/fr\/wp-json\/wp\/v2\/categories?post=666806"},{"taxonomy":"post_tag","embeddable":true,"href":"https:\/\/www.europesays.com\/fr\/wp-json\/wp\/v2\/tags?post=666806"}],"curies":[{"name":"wp","href":"https:\/\/api.w.org\/{rel}","templated":true}]}}