{"id":66681,"date":"2025-05-01T10:35:08","date_gmt":"2025-05-01T10:35:08","guid":{"rendered":"https:\/\/www.europesays.com\/fr\/66681\/"},"modified":"2025-05-01T10:35:08","modified_gmt":"2025-05-01T10:35:08","slug":"ces-trois-boutiques-vont-fermer","status":"publish","type":"post","link":"https:\/\/www.europesays.com\/fr\/66681\/","title":{"rendered":"ces trois boutiques vont fermer"},"content":{"rendered":"<p>            Par<br \/>\n        <strong><br \/>\n            <a href=\"https:\/\/actu.fr\/auteur\/mathias-souteyrat\" title=\"Consulter tous les articles de Mathias Souteyrat\" target=\"_blank\" rel=\"noopener\">Mathias Souteyrat<\/a><br \/>\n        <\/strong><\/p>\n<p>        Publi\u00e9 le<\/p>\n<p>            1 mai 2025 \u00e0 12h16        <\/p>\n<p>La <a href=\"https:\/\/actu.fr\/economie\/jennyfer-la-marque-de-pret-a-porter-demande-sa-mise-en-liquidation-judiciaire-pres-de-1-000-emplois-menaces_62579390.html\" target=\"_blank\" rel=\"noopener\">marque fran\u00e7aise de pr\u00eat-\u00e0-porter Jennyfer<\/a> a annonc\u00e9, ce mercredi 30\u00a0avril, avoir demand\u00e9 sa mise en liquidation judiciaire, indique le groupe \u00e0 l\u2019AFP.<\/p>\n<p class=\" wall-content\">Selon la CGT Commerce et Services, ce sont 999 emplois qui vont \u00eatre supprim\u00e9s. \u00ab\u2009Ce matin [mercredi 30 avril], les salari\u00e9s ont appris brutalement la liquidation de l\u2019entreprise\u2009\u00bb, d\u00e9plore le syndicat dans un communiqu\u00e9.<\/p>\n<p>Centre Deux et Steel \u00e0 Saint-Etienne, un \u00e0 Roanne<\/p>\n<p class=\" wall-content\">Tous les magasins sont concern\u00e9s, 191 boutiques vont fermer le 29 mai. Dans la Loire, l\u2019enseigne compte trois magasins\u2009:<\/p>\n<ul class=\" wall-content\">\n<li>Roanne au 53 rue Charles-de-Gaulle<\/li>\n<li>Saint-Etienne au centre commercial Steel<\/li>\n<li>Saint-Etienne au centre commercial Centre Deux<\/li>\n<\/ul>\n<p>    <a href=\"https:\/\/www.google.fr\/maps\/d\/embed?mid=1w02t00sukDimeSKFnW_mGKuHK0htq_E&amp;ehbc=2E312F\" title=\"Ouvrie le lien\" target=\"_blank\" rel=\"noopener\">Cliquez ici pour visualiser le contenu<\/a><\/p>\n<p>Vid\u00e9os : en ce moment sur ActuEn redressement judiciaire en 2023<\/p>\n<p class=\" wall-content\">La marque fond\u00e9e en 1984 comptait mi-2024 220 magasins en France et 80 \u00e0 l\u2019international, et revendique environ 250\u00a0millions d\u2019euros de chiffre d\u2019affaires annuel.<\/p>\n<p class=\" wall-content\">Tomb\u00e9e en redressement judiciaire en juin\u00a02023\u00a0en raison de l\u2019\u2009\u00bb augmentation soudaine des co\u00fbts cumul\u00e9e \u00e0 une inflation galopante\u2009\u00bb, elle avait annonc\u00e9 en sortir il y a moins d\u2019un an, annon\u00e7ant \u00ab\u2009un investissement initial de 15\u00a0millions d\u2019euros\u2009\u00bb et \u00ab\u2009l\u2019arriv\u00e9e d\u2019un nouvel actionnaire\u2009\u00bb.<\/p>\n<p class=\" wall-content\">Un\u00a0plan de sauvegarde de l\u2019emploi (PSE) \u00e9tait intervenu entre-temps, menant \u00e0 la suppression de 75 postes (60 au si\u00e8ge et 15 dans les entrep\u00f4ts) sans fermeture de magasins.<br \/>Son nouveau directeur g\u00e9n\u00e9ral, Yann Pasco, avait d\u00e9clar\u00e9 en avril\u00a02024 vouloir \u00ab\u2009pr\u00e9server l\u2019ADN de Jennyfer\u2009\u00bb, qui a \u00ab\u200915\u2009% de part de march\u00e9 sur les 10-14\u00a0ans\u2009\u00bb mais aussi \u00ab\u2009\u00e9largir la cible de client\u00e8le\u2009\u00bb en se positionnant sur les 15-19\u00a0ans et les 20-24\u00a0ans.<\/p>\n<p class=\" wall-content\"><strong>Avec AFP.<\/strong><\/p>\n<p class=\" wall-content\">Suivez toute l\u2019actualit\u00e9 de vos villes et m\u00e9dias favoris en vous inscrivant \u00e0 <a href=\"https:\/\/moncompte.actu.fr\" title=\"D\u00e9couvez Mon Actu\" rel=\"nofollow noopener\" data-trk=\"{&quot;cta&quot;:{&quot;action&quot;:&quot;https:\\\/\\\/moncompte.actu.fr&quot;,&quot;category&quot;:&quot;mon compte&quot;,&quot;from&quot;:&quot;article footer&quot;,&quot;name&quot;:&quot;Mon actu&quot;,&quot;type&quot;:&quot;cta&quot;}}\" target=\"_blank\">Mon Actu<\/a>.<\/p>\n","protected":false},"excerpt":{"rendered":"Par Mathias Souteyrat Publi\u00e9 le 1 mai 2025 \u00e0 12h16 La marque fran\u00e7aise de pr\u00eat-\u00e0-porter Jennyfer a annonc\u00e9,&hellip;\n","protected":false},"author":2,"featured_media":66682,"comment_status":"","ping_status":"","sticky":false,"template":"","format":"standard","meta":{"footnotes":""},"categories":[9653],"tags":[1111,11,2430,16732,16733,33,1777,674,1011,27,303,12,25,4001],"class_list":{"0":"post-66681","1":"post","2":"type-post","3":"status-publish","4":"format-standard","5":"has-post-thumbnail","7":"category-saint-etienne","8":"tag-actu","9":"tag-actualites","10":"tag-auvergne-rhone-alpes","11":"tag-centre-commercial-centre-deux","12":"tag-centre-commercial-steel","13":"tag-economie","14":"tag-eu","15":"tag-europe","16":"tag-fr","17":"tag-france","18":"tag-justice","19":"tag-news","20":"tag-republique-francaise","21":"tag-saint-etienne"},"share_on_mastodon":{"url":"https:\/\/pubeurope.com\/@fr\/114432135867963906","error":""},"_links":{"self":[{"href":"https:\/\/www.europesays.com\/fr\/wp-json\/wp\/v2\/posts\/66681","targetHints":{"allow":["GET"]}}],"collection":[{"href":"https:\/\/www.europesays.com\/fr\/wp-json\/wp\/v2\/posts"}],"about":[{"href":"https:\/\/www.europesays.com\/fr\/wp-json\/wp\/v2\/types\/post"}],"author":[{"embeddable":true,"href":"https:\/\/www.europesays.com\/fr\/wp-json\/wp\/v2\/users\/2"}],"replies":[{"embeddable":true,"href":"https:\/\/www.europesays.com\/fr\/wp-json\/wp\/v2\/comments?post=66681"}],"version-history":[{"count":0,"href":"https:\/\/www.europesays.com\/fr\/wp-json\/wp\/v2\/posts\/66681\/revisions"}],"wp:featuredmedia":[{"embeddable":true,"href":"https:\/\/www.europesays.com\/fr\/wp-json\/wp\/v2\/media\/66682"}],"wp:attachment":[{"href":"https:\/\/www.europesays.com\/fr\/wp-json\/wp\/v2\/media?parent=66681"}],"wp:term":[{"taxonomy":"category","embeddable":true,"href":"https:\/\/www.europesays.com\/fr\/wp-json\/wp\/v2\/categories?post=66681"},{"taxonomy":"post_tag","embeddable":true,"href":"https:\/\/www.europesays.com\/fr\/wp-json\/wp\/v2\/tags?post=66681"}],"curies":[{"name":"wp","href":"https:\/\/api.w.org\/{rel}","templated":true}]}}