{"id":666810,"date":"2026-01-16T03:31:13","date_gmt":"2026-01-16T03:31:13","guid":{"rendered":"https:\/\/www.europesays.com\/fr\/666810\/"},"modified":"2026-01-16T03:31:13","modified_gmt":"2026-01-16T03:31:13","slug":"toulon-un-terrien-dans-la-lune-2","status":"publish","type":"post","link":"https:\/\/www.europesays.com\/fr\/666810\/","title":{"rendered":"Toulon : Un terrien dans la lune"},"content":{"rendered":"<p>        <a href=\"https:\/\/www.europesays.com\/fr\/wp-content\/uploads\/2026\/01\/69.jpg\" data-caption=\"\"><img loading=\"lazy\" decoding=\"async\" width=\"354\" height=\"500\" class=\"entry-thumb td-modal-image\" src=\"https:\/\/www.europesays.com\/fr\/wp-content\/uploads\/2026\/01\/69.jpg\"   alt=\"\" title=\"69\"\/><\/a><\/p>\n<p>Il \u00e9tait une voix, deux mains, trois fois rien\u2026<br \/>Il y a bien longtemps, vivait un petit gar\u00e7on qu\u2019on disait distrait, r\u00eaveur\u2026 un peu perdu dans la lune.<br \/>Aujourd\u2019hui, il vous ouvre la porte de son monde.<br \/>Un monde o\u00f9 la magie prend vie, o\u00f9 les marionnettes chuchotent,<br \/>o\u00f9 l\u2019humour et la po\u00e9sie s\u2019invitent sur sc\u00e8ne pour faire briller les yeux des petits\u2026 comme des grands.<br \/>\ud83c\udfad Un spectacle tendre, dr\u00f4le et merveilleux, o\u00f9 l\u2019imaginaire reprend le pouvoir.<\/p>\n<p>Auteur(s) : Antonin Dupel<br \/>Artiste(s) : Antonin Dupel<br \/>Metteur en sc\u00e8ne : Antonin Dupel<\/p>\n<p><strong>samedi 17 janvier 2026<\/strong> \u00e0 15h30<br \/>Tarif : 12.00 \u20ac<br \/>Caf\u00e9 Th\u00e9\u00e2tre de la Porte d\u2019Italie<br \/>Place Armand Vall\u00e9e<\/p>\n<p><a href=\"https:\/\/www.restosducoeur.org\/associations-departementales\/les-restos-du-coeur-du-var\/\" target=\"_blank\" rel=\"noopener\"><img decoding=\"async\" style=\"height:70px;width:140px\" src=\"https:\/\/www.europesays.com\/fr\/wp-content\/uploads\/2025\/04\/restos-du-coeur.jpg\"\/><\/a>        <\/p>\n","protected":false},"excerpt":{"rendered":"Il \u00e9tait une voix, deux mains, trois fois rien\u2026Il y a bien longtemps, vivait un petit gar\u00e7on qu\u2019on&hellip;\n","protected":false},"author":2,"featured_media":646332,"comment_status":"","ping_status":"","sticky":false,"template":"","format":"standard","meta":{"footnotes":""},"categories":[9619],"tags":[1111,11,1777,674,1011,27,12,882,25,2310],"class_list":{"0":"post-666810","1":"post","2":"type-post","3":"status-publish","4":"format-standard","5":"has-post-thumbnail","7":"category-toulon","8":"tag-actu","9":"tag-actualites","10":"tag-eu","11":"tag-europe","12":"tag-fr","13":"tag-france","14":"tag-news","15":"tag-provence-alpes-cote-dazur","16":"tag-republique-francaise","17":"tag-toulon"},"share_on_mastodon":{"url":"https:\/\/pubeurope.com\/@fr\/115902669442107946","error":""},"_links":{"self":[{"href":"https:\/\/www.europesays.com\/fr\/wp-json\/wp\/v2\/posts\/666810","targetHints":{"allow":["GET"]}}],"collection":[{"href":"https:\/\/www.europesays.com\/fr\/wp-json\/wp\/v2\/posts"}],"about":[{"href":"https:\/\/www.europesays.com\/fr\/wp-json\/wp\/v2\/types\/post"}],"author":[{"embeddable":true,"href":"https:\/\/www.europesays.com\/fr\/wp-json\/wp\/v2\/users\/2"}],"replies":[{"embeddable":true,"href":"https:\/\/www.europesays.com\/fr\/wp-json\/wp\/v2\/comments?post=666810"}],"version-history":[{"count":0,"href":"https:\/\/www.europesays.com\/fr\/wp-json\/wp\/v2\/posts\/666810\/revisions"}],"wp:featuredmedia":[{"embeddable":true,"href":"https:\/\/www.europesays.com\/fr\/wp-json\/wp\/v2\/media\/646332"}],"wp:attachment":[{"href":"https:\/\/www.europesays.com\/fr\/wp-json\/wp\/v2\/media?parent=666810"}],"wp:term":[{"taxonomy":"category","embeddable":true,"href":"https:\/\/www.europesays.com\/fr\/wp-json\/wp\/v2\/categories?post=666810"},{"taxonomy":"post_tag","embeddable":true,"href":"https:\/\/www.europesays.com\/fr\/wp-json\/wp\/v2\/tags?post=666810"}],"curies":[{"name":"wp","href":"https:\/\/api.w.org\/{rel}","templated":true}]}}