{"id":666811,"date":"2026-01-16T03:32:16","date_gmt":"2026-01-16T03:32:16","guid":{"rendered":"https:\/\/www.europesays.com\/fr\/666811\/"},"modified":"2026-01-16T03:32:16","modified_gmt":"2026-01-16T03:32:16","slug":"toulon-terre-de-rugby-tv83-2","status":"publish","type":"post","link":"https:\/\/www.europesays.com\/fr\/666811\/","title":{"rendered":"Toulon, terre de rugby | TV83"},"content":{"rendered":"<p>        <a href=\"https:\/\/www.tv83.info\/wp-content\/uploads\/2025\/12\/35309380.png\" data-caption=\"\" target=\"_blank\" rel=\"noopener\"><img loading=\"lazy\" decoding=\"async\" width=\"696\" height=\"961\" class=\"entry-thumb td-modal-image\" src=\"https:\/\/www.europesays.com\/fr\/wp-content\/uploads\/2025\/12\/35309380-696x961.png\"   alt=\"\" title=\"35309380\"\/><\/a><\/p>\n<p>Exposition<br \/><strong>jusqu\u2019au samedi 28 f\u00e9vrier 2026<\/strong> \u00e0 18h00<br \/>Exposition organis\u00e9e par le mus\u00e9e des Amis du Vieux Toulon, 91 cours Lafayette<br \/>Tous les jours de 14h \u00e0 18h sauf dimanches et jours f\u00e9ri\u00e9s<br \/>Entr\u00e9e libre<\/p>\n<p class=\"font_7 wixui-rich-text__text\">Notre Mus\u00e9e d\u2019Histoire s\u2019attache \u00e0 retracer toutes les dimensions de l\u2019identit\u00e9 toulonnaise, qu\u2019elles soient maritimes, culturelles, sociales\u2026 ou sportives.<br class=\"wixui-rich-text__text\"\/>Le Rugby incarne depuis des d\u00e9cennies une fiert\u00e9 populaire, un symbole de coh\u00e9sion et d\u2019excellence. Plus qu\u2019un palmar\u00e8s, il porte une histoire faite de passion, de rencontres et d\u2019\u00e9motions partag\u00e9es.<br class=\"wixui-rich-text__text\"\/>A travers maillots, troph\u00e9es, photographies, t\u00e9moignages et archives, cette exposition vous invite \u00e0 d\u00e9couvrir comment le Rugby s\u2019inscrit pleinement dans l\u2019histoire de notre ville, et comment ce sport, au-del\u00e0 de la comp\u00e9tition, devient patrimoine commun.<br \/>Jean-Michel DELCOURTE,<br \/>Pr\u00e9sident<\/p>\n<\/p>\n<p><a href=\"https:\/\/www.restosducoeur.org\/associations-departementales\/les-restos-du-coeur-du-var\/\" target=\"_blank\" rel=\"noopener\"><img decoding=\"async\" style=\"height:70px;width:140px\" src=\"https:\/\/www.europesays.com\/fr\/wp-content\/uploads\/2025\/04\/restos-du-coeur.jpg\"\/><\/a>        <\/p>\n","protected":false},"excerpt":{"rendered":"Expositionjusqu\u2019au samedi 28 f\u00e9vrier 2026 \u00e0 18h00Exposition organis\u00e9e par le mus\u00e9e des Amis du Vieux Toulon, 91 cours&hellip;\n","protected":false},"author":2,"featured_media":666812,"comment_status":"","ping_status":"","sticky":false,"template":"","format":"standard","meta":{"footnotes":""},"categories":[9619],"tags":[1111,11,1777,674,1011,27,12,882,25,2310],"class_list":{"0":"post-666811","1":"post","2":"type-post","3":"status-publish","4":"format-standard","5":"has-post-thumbnail","7":"category-toulon","8":"tag-actu","9":"tag-actualites","10":"tag-eu","11":"tag-europe","12":"tag-fr","13":"tag-france","14":"tag-news","15":"tag-provence-alpes-cote-dazur","16":"tag-republique-francaise","17":"tag-toulon"},"share_on_mastodon":{"url":"https:\/\/pubeurope.com\/@fr\/115902673368769608","error":""},"_links":{"self":[{"href":"https:\/\/www.europesays.com\/fr\/wp-json\/wp\/v2\/posts\/666811","targetHints":{"allow":["GET"]}}],"collection":[{"href":"https:\/\/www.europesays.com\/fr\/wp-json\/wp\/v2\/posts"}],"about":[{"href":"https:\/\/www.europesays.com\/fr\/wp-json\/wp\/v2\/types\/post"}],"author":[{"embeddable":true,"href":"https:\/\/www.europesays.com\/fr\/wp-json\/wp\/v2\/users\/2"}],"replies":[{"embeddable":true,"href":"https:\/\/www.europesays.com\/fr\/wp-json\/wp\/v2\/comments?post=666811"}],"version-history":[{"count":0,"href":"https:\/\/www.europesays.com\/fr\/wp-json\/wp\/v2\/posts\/666811\/revisions"}],"wp:featuredmedia":[{"embeddable":true,"href":"https:\/\/www.europesays.com\/fr\/wp-json\/wp\/v2\/media\/666812"}],"wp:attachment":[{"href":"https:\/\/www.europesays.com\/fr\/wp-json\/wp\/v2\/media?parent=666811"}],"wp:term":[{"taxonomy":"category","embeddable":true,"href":"https:\/\/www.europesays.com\/fr\/wp-json\/wp\/v2\/categories?post=666811"},{"taxonomy":"post_tag","embeddable":true,"href":"https:\/\/www.europesays.com\/fr\/wp-json\/wp\/v2\/tags?post=666811"}],"curies":[{"name":"wp","href":"https:\/\/api.w.org\/{rel}","templated":true}]}}