{"id":666823,"date":"2026-01-16T03:41:35","date_gmt":"2026-01-16T03:41:35","guid":{"rendered":"https:\/\/www.europesays.com\/fr\/666823\/"},"modified":"2026-01-16T03:41:35","modified_gmt":"2026-01-16T03:41:35","slug":"strasbourg-feu-de-detritus-dans-un-parking-souterrain-pas-de-blesse","status":"publish","type":"post","link":"https:\/\/www.europesays.com\/fr\/666823\/","title":{"rendered":"Strasbourg. Feu de d\u00e9tritus dans un parking souterrain, pas de bless\u00e9"},"content":{"rendered":"<p>Les sapeurs-pompiers ont \u00e9t\u00e9 appel\u00e9s pour un feu de d\u00e9tritus dans un parking souterrain, au 2 rue Jacobi-Netter \u00e0 Strasbourg, ce jeudi 15 janvier \u00e0 18h45. Le feu de pr\u00e8s de 10 m2 a \u00e9t\u00e9 \u00e9teint \u00e0 l&rsquo;aide de deux lances.<\/p>\n<p>L&rsquo;important d\u00e9gagement de fum\u00e9e dans le sous sol de 600 m2 a n\u00e9cessit\u00e9 l&rsquo;intervention du groupe d&rsquo;exploration longue dur\u00e9e. Aucun bless\u00e9 n&rsquo;est \u00e0 d\u00e9plorer.<\/p>\n","protected":false},"excerpt":{"rendered":"Les sapeurs-pompiers ont \u00e9t\u00e9 appel\u00e9s pour un feu de d\u00e9tritus dans un parking souterrain, au 2 rue Jacobi-Netter&hellip;\n","protected":false},"author":2,"featured_media":666824,"comment_status":"","ping_status":"","sticky":false,"template":"","format":"standard","meta":{"footnotes":""},"categories":[2820],"tags":[1111,11,2880,1777,674,274,107,1011,27,775,1310,12,25,640],"class_list":{"0":"post-666823","1":"post","2":"type-post","3":"status-publish","4":"format-standard","5":"has-post-thumbnail","7":"category-strasbourg","8":"tag-actu","9":"tag-actualites","10":"tag-edition-strasbourg","11":"tag-eu","12":"tag-europe","13":"tag-faits-divers-justice","14":"tag-fil-info","15":"tag-fr","16":"tag-france","17":"tag-grand-est","18":"tag-incendie","19":"tag-news","20":"tag-republique-francaise","21":"tag-strasbourg"},"share_on_mastodon":{"url":"https:\/\/pubeurope.com\/@fr\/115902708666774080","error":""},"_links":{"self":[{"href":"https:\/\/www.europesays.com\/fr\/wp-json\/wp\/v2\/posts\/666823","targetHints":{"allow":["GET"]}}],"collection":[{"href":"https:\/\/www.europesays.com\/fr\/wp-json\/wp\/v2\/posts"}],"about":[{"href":"https:\/\/www.europesays.com\/fr\/wp-json\/wp\/v2\/types\/post"}],"author":[{"embeddable":true,"href":"https:\/\/www.europesays.com\/fr\/wp-json\/wp\/v2\/users\/2"}],"replies":[{"embeddable":true,"href":"https:\/\/www.europesays.com\/fr\/wp-json\/wp\/v2\/comments?post=666823"}],"version-history":[{"count":0,"href":"https:\/\/www.europesays.com\/fr\/wp-json\/wp\/v2\/posts\/666823\/revisions"}],"wp:featuredmedia":[{"embeddable":true,"href":"https:\/\/www.europesays.com\/fr\/wp-json\/wp\/v2\/media\/666824"}],"wp:attachment":[{"href":"https:\/\/www.europesays.com\/fr\/wp-json\/wp\/v2\/media?parent=666823"}],"wp:term":[{"taxonomy":"category","embeddable":true,"href":"https:\/\/www.europesays.com\/fr\/wp-json\/wp\/v2\/categories?post=666823"},{"taxonomy":"post_tag","embeddable":true,"href":"https:\/\/www.europesays.com\/fr\/wp-json\/wp\/v2\/tags?post=666823"}],"curies":[{"name":"wp","href":"https:\/\/api.w.org\/{rel}","templated":true}]}}