{"id":666825,"date":"2026-01-16T03:42:13","date_gmt":"2026-01-16T03:42:13","guid":{"rendered":"https:\/\/www.europesays.com\/fr\/666825\/"},"modified":"2026-01-16T03:42:13","modified_gmt":"2026-01-16T03:42:13","slug":"previsions-du-vendredi-16-janvier-2026-7","status":"publish","type":"post","link":"https:\/\/www.europesays.com\/fr\/666825\/","title":{"rendered":"pr\u00e9visions du vendredi 16 janvier 2026"},"content":{"rendered":"<p>\u00c0 Strasbourg les temp\u00e9ratures afficheront entre 4 et 10\u00b0C aujourd&rsquo;hui. Des \u00e9claircies sont attendues : on passera une matin\u00e9e agr\u00e9able. Les valeurs seront de 4\u00b0C au minimum et de 9\u00b0C au maximum. Un vent de sud rafra\u00eechira quelque peu l&rsquo;atmosph\u00e8re. Le soleil sera au rendez-vous : un magnifique apr\u00e8s-midi se pr\u00e9sente ! Les temp\u00e9ratures s&rsquo;\u00e9chelonneront entre 7\u00b0C et 10\u00b0C. Des \u00e9claircies appara\u00eetront dans la soir\u00e9e. Il va faire 6\u00b0C en moyenne. Durant la nuit de vendredi \u00e0 samedi, le ciel sera d\u00e9pourvu de nuages.<\/p>\n<p>Demain, les temp\u00e9ratures vont baisser de quelques degr\u00e9s \u00e0 Strasbourg. Il fera environ 3\u00b0C. Le brouillard sera au rendez-vous, le matin, \u00e0 cause de la m\u00e9t\u00e9o tr\u00e8s humide. Les maximales pourront atteindre 4\u00b0C alors que les minimales seront de 1\u00b0C. Un vent de nord soufflera un peu, avec 6 km\/h. Le ciel sera assez lumineux, avec quelques \u00e9claircies demain apr\u00e8s-midi. Les valeurs seront comprises entre 4 et 5\u00b0C. Les Strasbourgeois vont avoir froid demain soir : les temp\u00e9ratures ne vont pas d\u00e9passer 3\u00b0C. Les valeurs avoisineront les 3\u00b0C. Un l\u00e9ger vent de nord soufflera.<\/p>\n<p>Les jours s&rsquo;encha\u00eenent et ne changent pas. On s&rsquo;attend \u00e0 des journ\u00e9es ensoleill\u00e9es, accompagn\u00e9es par des temp\u00e9ratures dans les 0\u00b0C en moyenne.<\/p>\n<p><\/p>\n","protected":false},"excerpt":{"rendered":"\u00c0 Strasbourg les temp\u00e9ratures afficheront entre 4 et 10\u00b0C aujourd&rsquo;hui. Des \u00e9claircies sont attendues : on passera une&hellip;\n","protected":false},"author":2,"featured_media":666826,"comment_status":"","ping_status":"","sticky":false,"template":"","format":"standard","meta":{"footnotes":""},"categories":[2820],"tags":[1111,11,1777,674,1011,27,775,12,2119,25,640],"class_list":{"0":"post-666825","1":"post","2":"type-post","3":"status-publish","4":"format-standard","5":"has-post-thumbnail","7":"category-strasbourg","8":"tag-actu","9":"tag-actualites","10":"tag-eu","11":"tag-europe","12":"tag-fr","13":"tag-france","14":"tag-grand-est","15":"tag-news","16":"tag-previsions-meteo","17":"tag-republique-francaise","18":"tag-strasbourg"},"share_on_mastodon":{"url":"https:\/\/pubeurope.com\/@fr\/115902712571192410","error":""},"_links":{"self":[{"href":"https:\/\/www.europesays.com\/fr\/wp-json\/wp\/v2\/posts\/666825","targetHints":{"allow":["GET"]}}],"collection":[{"href":"https:\/\/www.europesays.com\/fr\/wp-json\/wp\/v2\/posts"}],"about":[{"href":"https:\/\/www.europesays.com\/fr\/wp-json\/wp\/v2\/types\/post"}],"author":[{"embeddable":true,"href":"https:\/\/www.europesays.com\/fr\/wp-json\/wp\/v2\/users\/2"}],"replies":[{"embeddable":true,"href":"https:\/\/www.europesays.com\/fr\/wp-json\/wp\/v2\/comments?post=666825"}],"version-history":[{"count":0,"href":"https:\/\/www.europesays.com\/fr\/wp-json\/wp\/v2\/posts\/666825\/revisions"}],"wp:featuredmedia":[{"embeddable":true,"href":"https:\/\/www.europesays.com\/fr\/wp-json\/wp\/v2\/media\/666826"}],"wp:attachment":[{"href":"https:\/\/www.europesays.com\/fr\/wp-json\/wp\/v2\/media?parent=666825"}],"wp:term":[{"taxonomy":"category","embeddable":true,"href":"https:\/\/www.europesays.com\/fr\/wp-json\/wp\/v2\/categories?post=666825"},{"taxonomy":"post_tag","embeddable":true,"href":"https:\/\/www.europesays.com\/fr\/wp-json\/wp\/v2\/tags?post=666825"}],"curies":[{"name":"wp","href":"https:\/\/api.w.org\/{rel}","templated":true}]}}