{"id":666829,"date":"2026-01-16T03:45:38","date_gmt":"2026-01-16T03:45:38","guid":{"rendered":"https:\/\/www.europesays.com\/fr\/666829\/"},"modified":"2026-01-16T03:45:38","modified_gmt":"2026-01-16T03:45:38","slug":"a-nantes-ils-soignent-la-vue-des-gens-de-la-rue","status":"publish","type":"post","link":"https:\/\/www.europesays.com\/fr\/666829\/","title":{"rendered":"\u00c0 Nantes, ils soignent la vue des gens de la rue"},"content":{"rendered":"<p>\n                Article premium,<br \/>\n                    R\u00e9serv\u00e9 aux\u00a0abonn\u00e9s\n            <\/p>\n<p class=\"su-standfirst chapeau\">Mardi 13\u00a0janvier, \u00e0 Nantes, cinq sans domicile fixe ont \u00e9t\u00e9 examin\u00e9s par des \u00e9tudiants de l\u2019\u00e9cole optique Cesol et un ophtalmologiste de l\u2019Ordre de Malte. Des lunettes correctrices leur ont \u00e9t\u00e9 offertes.<\/p>\n<p>                                        <img decoding=\"async\" class=\"su-media\" src=\"https:\/\/www.europesays.com\/fr\/wp-content\/uploads\/2026\/01\/MjAyNjAxMDEzNjE3YjQxYjU5NGZjYWFhMGE0MWNkZDk3YzFkYTQ.webp\" alt=\"Florine et Geverel, \u00e9tudiantes en optique \u00e0 l\u2019\u00e9cole Cesol, examinent Guillaume.\"  \/><\/p>\n<p>                            Florine et Geverel, \u00e9tudiantes en optique \u00e0 l\u2019\u00e9cole Cesol, examinent Guillaume. | OUEST-FRANCE<\/p>\n<p>                            fermer<\/p>\n<ul class=\"su-row su-carrousel-container su-not-list\" data-suswipe=\"{\" rambo=\"\" .carrousel-nav-bas=\"\" .item=\"\">\n<li class=\"su-col-xs-6 su-col-md-24 carrousel-contenu su-carrousel-item\" data-ofvwidth=\"{\" mobileonly=\"\"><img decoding=\"async\" data-ofmaxheight=\"\" class=\"su-media lazyload\" alt=\"Florine et Geverel, \u00e9tudiantes en optique \u00e0 l\u2019\u00e9cole Cesol, examinent Guillaume.\" src=\"data:image\/png;base64,iVBORw0KGgoAAAANSUhEUgAAABAAAAAJCAYAAAA7KqwyAAAAGXRFWHRTb2Z0d2FyZQBBZG9iZSBJbWFnZVJlYWR5ccllPAAAABhJREFUeNpi\/P\/\/PwMlgHHUgFEDgAAgwAD+lBrvy+NcxAAAAABJRU5ErkJggg==\" data-oflazyload=\"{&quot;srcset&quot;:&quot;https:\/\/media.ouest-france.fr\/v1\/pictures\/MjAyNjAxMDEzNjE3YjQxYjU5NGZjYWFhMGE0MWNkZDk3YzFkYTQ?width=320&amp;focuspoint=50%2C25&amp;cropresize=1&amp;client_id=bpeditorial&amp;sign=6596ec7f70a7954736c4f193a856ec80ffd2fe366d8dcc6f7061e70b1a8be282 320w,https:\/\/media.ouest-france.fr\/v1\/pictures\/MjAyNjAxMDEzNjE3YjQxYjU5NGZjYWFhMGE0MWNkZDk3YzFkYTQ?width=375&amp;focuspoint=50%2C25&amp;cropresize=1&amp;client_id=bpeditorial&amp;sign=8b2a5641c40e0d21811d4f4448565fce1210c1a1f464b26165951a12ccc92b3f 360w,https:\/\/media.ouest-france.fr\/v1\/pictures\/MjAyNjAxMDEzNjE3YjQxYjU5NGZjYWFhMGE0MWNkZDk3YzFkYTQ?width=480&amp;focuspoint=50%2C25&amp;cropresize=1&amp;client_id=bpeditorial&amp;sign=656e5e98ff4252e92b306cc6917e22595d83f2fb4d668030bd993c309b9e8d52 480w,https:\/\/media.ouest-france.fr\/v1\/pictures\/MjAyNjAxMDEzNjE3YjQxYjU5NGZjYWFhMGE0MWNkZDk3YzFkYTQ?width=630&amp;focuspoint=50%2C25&amp;cropresize=1&amp;client_id=bpeditorial&amp;sign=7bf6b1e942c1c1a63b566682a47196566cc6a20999bd4bfa486d572ca4a7df58 630w,https:\/\/media.ouest-france.fr\/v1\/pictures\/MjAyNjAxMDEzNjE3YjQxYjU5NGZjYWFhMGE0MWNkZDk3YzFkYTQ?width=940&amp;focuspoint=50%2C25&amp;cropresize=1&amp;client_id=bpeditorial&amp;sign=6d3c16c2b199946b63749c5eb75e7dd3a20d329fe733b83c7071ace14d99735b 940w,https:\/\/media.ouest-france.fr\/v1\/pictures\/MjAyNjAxMDEzNjE3YjQxYjU5NGZjYWFhMGE0MWNkZDk3YzFkYTQ?width=1260&amp;focuspoint=50%2C25&amp;cropresize=1&amp;client_id=bpeditorial&amp;sign=9c01720933d7e2bf8b903edd043d7295941d4684d3224f8858f84041c3739ad8 1260w&quot;}\"\/>Florine et Geverel, \u00e9tudiantes en optique \u00e0 l\u2019\u00e9cole Cesol, examinent Guillaume. | OUEST-FRANCE<\/li>\n<\/ul>\n<p>        Publi\u00e9 le 15\/01\/2026  \u00e0 07h45<\/p>\n<p>                            Lire plus tard<\/p>\n<p>                            Partager<\/p>\n<ul id=\"partage-col-gauche\" class=\"su-not-list su-hidden su-margin-top-xs\">\n<li>FacebookFacebook<\/li>\n<li>BlueSkyBlueSky<\/li>\n<li>FlipboardFlipboard<\/li>\n<li>linkedinLinkedIn<\/li>\n<\/ul>\n<p class=\"su-h3 su-margin-bottom-xs\">Newsletter Nantes<\/p>\n<p>Chaque matin, recevez toute l\u2019information de Nantes et de ses environs avec <strong>Ouest-France<\/strong><\/p>\n<p class=\"su-margin-top-s su-text-xsmall texte-rgpd su-hidden\">Votre e-mail, avec votre consentement, est utilis\u00e9 par Ouest-France pour recevoir notre newsletter. <a class=\"su-link-light\" href=\"https:\/\/www.ouest-france.fr\/politique-de-protection-des-donnees-personnelles\/\" target=\"_blank\" rel=\"noopener\">En\u00a0savoir\u00a0plus<\/a>.<\/p>\n<p>Casquette viss\u00e9e sur la t\u00eate, il patiente, assis sur un pouf. Guillaume, 38\u00a0ans, est sans domicile fixe. \u00c0 Nantes, il vit sous une tente. Mardi 13\u00a0janvier, il s\u2019est rendu en tram \u00e0 Cesol pour sa vue. C\u2019est la deuxi\u00e8me fois que l\u2019\u00e9cole d\u2019optique nantaise accueille des gens de la rue pour offrir des examens oculaires. Les lunettes neuves, elles, sont prises en charge par la fondation Krys group, autrice de cette campagne nationale de d\u00e9pistage visuel, pas assez connue. L\u2019an dernier, en France, \u00e0 peine 300\u00a0personnes pr\u00e9caires en ont b\u00e9n\u00e9fici\u00e9.<\/p>\n<p>Guillaume en a \u00e9t\u00e9 inform\u00e9 lors d\u2019une maraude de <a href=\"https:\/\/www.ouest-france.fr\/sante\/virus\/coronavirus\/nantes-l-ordre-de-malte-mobilisee-face-la-montee-vertigineuse-de-l-extreme-precarite-6818853\" target=\"_self\" rel=\"noopener\">l\u2019Ordre&#8230;<\/a><\/p>\n<p style=\"text-align: center; background-color: #dbbe4d; padding-top: 5px; padding-bottom: 5px; font-size: 14px;\"><strong>D\u00e9j\u00e0 abonn\u00e9 ? <\/strong><a data-trkartmonet=\"Identification\" data-trk-sipa=\"{\" blockcategory=\"\" paywall=\"\" href=\"http:\/\/www.ouest-france.fr\/login?redirect=https:\/\/www.ouest-france.fr\/pays-de-la-loire\/nantes-44000\/bienvenue-on-va-soccuper-de-vous-a-nantes-ils-soignent-la-vue-des-gens-de-la-rue-f5a56082-f094-11f0-977d-9ddad21d78c7\" rel=\"nofollow noopener\" title=\"Se connecter \u00e0 Ouest-France\" class=\"su-link-light\" target=\"_blank\">Connectez-vous<\/a><\/p>\n<p style=\"text-align: center; padding-top: 15px; padding-bottom: 8px; vertical-align: bottom;\">bloqu\u00e9<strong> Pour lire la suite, abonnez-vous<\/strong><\/p>\n<p style=\"text-align: center;\"><strong>1\u00e8re semaine offerte<\/strong><\/p>\n<p style=\"text-align: center; margin-top: -5px;\">Annulable \u00e0 tout moment<\/p>\n<p style=\"text-align: center;\">\u00a0<\/p>\n<p style=\"text-align: center;\"><a data-ida=\"\" data-trkartmonet=\"Tunnel OF+\" data-trk-sipa=\"{&#010;\" blockcategory=\"\" paywall=\"\" :=\"\" m=\"\" of=\"\" class=\"&#010;        su-button&#010;        su-subscription&#010;        &#010;        &#010;    \" data-trk-bloc=\"paywall\" href=\"https:\/\/abonnement.ouest-france.fr\/tunnel\/pack-essentiel-article\/123103118100?int_medium=lien&amp;int_campaign=PWFR0225-OF&amp;int_content=page-article-payant_boutonjaune-paywall&amp;marquesource=OF&amp;rt=https:\/\/www.ouest-france.fr\/pays-de-la-loire\/nantes-44000\/bienvenue-on-va-soccuper-de-vous-a-nantes-ils-soignent-la-vue-des-gens-de-la-rue-f5a56082-f094-11f0-977d-9ddad21d78c7\" target=\"_blank\" rel=\"noopener\"><br \/>\n    <strong>Je m&rsquo;abonne<\/strong><br \/>\n<\/a><\/p>\n<p style=\"text-align: center; padding-top: 10px; padding-bottom: 10px;\"><img decoding=\"async\" src=\"https:\/\/media.ouest-france.fr\/v1\/fonts\/be7723fcee3f1866f1ce99184077fc6f-carte-bancaire.svg?height=36\" alt=\"CB\"\/>\u00a0\u00a0<img decoding=\"async\" src=\"https:\/\/media.ouest-france.fr\/v1\/fonts\/1819d54c599d8afa64539cfba4ac9dde-rib.svg?height=36\" alt=\"RIB\"\/>\u00a0\u00a0<img decoding=\"async\" src=\"https:\/\/media.ouest-france.fr\/v1\/fonts\/065fc80d7b6a03d14a834c224ce723e1-paypal.svg?height=36\" alt=\"PAYPAL\"\/><\/p>\n","protected":false},"excerpt":{"rendered":"Article premium, R\u00e9serv\u00e9 aux\u00a0abonn\u00e9s Mardi 13\u00a0janvier, \u00e0 Nantes, cinq sans domicile fixe ont \u00e9t\u00e9 examin\u00e9s par des \u00e9tudiants&hellip;\n","protected":false},"author":2,"featured_media":666830,"comment_status":"","ping_status":"","sticky":false,"template":"","format":"standard","meta":{"footnotes":""},"categories":[2818],"tags":[1111,11,1777,674,1011,27,766,12,4518,2636,25,71],"class_list":{"0":"post-666829","1":"post","2":"type-post","3":"status-publish","4":"format-standard","5":"has-post-thumbnail","7":"category-nantes","8":"tag-actu","9":"tag-actualites","10":"tag-eu","11":"tag-europe","12":"tag-fr","13":"tag-france","14":"tag-nantes","15":"tag-news","16":"tag-pauvrete","17":"tag-pays-de-la-loire","18":"tag-republique-francaise","19":"tag-sante"},"share_on_mastodon":{"url":"https:\/\/pubeurope.com\/@fr\/115902724563953542","error":""},"_links":{"self":[{"href":"https:\/\/www.europesays.com\/fr\/wp-json\/wp\/v2\/posts\/666829","targetHints":{"allow":["GET"]}}],"collection":[{"href":"https:\/\/www.europesays.com\/fr\/wp-json\/wp\/v2\/posts"}],"about":[{"href":"https:\/\/www.europesays.com\/fr\/wp-json\/wp\/v2\/types\/post"}],"author":[{"embeddable":true,"href":"https:\/\/www.europesays.com\/fr\/wp-json\/wp\/v2\/users\/2"}],"replies":[{"embeddable":true,"href":"https:\/\/www.europesays.com\/fr\/wp-json\/wp\/v2\/comments?post=666829"}],"version-history":[{"count":0,"href":"https:\/\/www.europesays.com\/fr\/wp-json\/wp\/v2\/posts\/666829\/revisions"}],"wp:featuredmedia":[{"embeddable":true,"href":"https:\/\/www.europesays.com\/fr\/wp-json\/wp\/v2\/media\/666830"}],"wp:attachment":[{"href":"https:\/\/www.europesays.com\/fr\/wp-json\/wp\/v2\/media?parent=666829"}],"wp:term":[{"taxonomy":"category","embeddable":true,"href":"https:\/\/www.europesays.com\/fr\/wp-json\/wp\/v2\/categories?post=666829"},{"taxonomy":"post_tag","embeddable":true,"href":"https:\/\/www.europesays.com\/fr\/wp-json\/wp\/v2\/tags?post=666829"}],"curies":[{"name":"wp","href":"https:\/\/api.w.org\/{rel}","templated":true}]}}