{"id":66683,"date":"2025-05-01T10:36:11","date_gmt":"2025-05-01T10:36:11","guid":{"rendered":"https:\/\/www.europesays.com\/fr\/66683\/"},"modified":"2025-05-01T10:36:11","modified_gmt":"2025-05-01T10:36:11","slug":"plus-de-1000-personnes-a-saint-etienne-500-a-roanne-et-200-au-puy-en-velay-selon-nos-estimations","status":"publish","type":"post","link":"https:\/\/www.europesays.com\/fr\/66683\/","title":{"rendered":"plus de 1000 personnes \u00e0 Saint-Etienne, 500 \u00e0 Roanne et 200 au Puy-en-Velay selon nos estimations"},"content":{"rendered":"<p>Au Puy-en-Velay, l\u2019heure est \u00e0 la prise de parole pour les syndicats sur le boulevard du Breuil. Une partie du cort\u00e8ge s\u2019est d\u00e9j\u00e0 dispers\u00e9e dans le calme.<\/p>\n<p>Hortense, 59 ans, enseignante en maternelle, est venue manifester ce jeudi\u00a0:. \u00ab Nous nous sentons exploit\u00e9s. Nos conditions de travail sont de pire en pire. Tous les acquis sociaux se perdent\u00a0\u00bb, explique-t-elle.<\/p>\n<p>Dans le cort\u00e8ge \u00e9galement, Emmanuelle, ancienne syndiqu\u00e9e, se mobilise \u00ab\u00a0pour le futur de ses enfants. Les actions ne sont pas assez fortes, je me demande ce qu\u2019il faudrait faire pour se faire entendre\u00a0\u00bb.<\/p>\n","protected":false},"excerpt":{"rendered":"Au Puy-en-Velay, l\u2019heure est \u00e0 la prise de parole pour les syndicats sur le boulevard du Breuil. Une&hellip;\n","protected":false},"author":2,"featured_media":66684,"comment_status":"","ping_status":"","sticky":false,"template":"","format":"standard","meta":{"footnotes":""},"categories":[9653],"tags":[1111,11,2430,9671,33,10446,16734,7539,1777,674,107,1011,27,4002,10444,3367,12,316,25,137,9838,4001,801,104],"class_list":{"0":"post-66683","1":"post","2":"type-post","3":"status-publish","4":"format-standard","5":"has-post-thumbnail","7":"category-saint-etienne","8":"tag-actu","9":"tag-actualites","10":"tag-auvergne-rhone-alpes","11":"tag-conflit-social","12":"tag-economie","13":"tag-edition-haute-loire","14":"tag-edition-loire-nord","15":"tag-edition-loire-sud","16":"tag-eu","17":"tag-europe","18":"tag-fil-info","19":"tag-fr","20":"tag-france","21":"tag-haute-loire","22":"tag-le-puy-en-velay","23":"tag-loire","24":"tag-news","25":"tag-politique","26":"tag-republique-francaise","27":"tag-retraite","28":"tag-roanne","29":"tag-saint-etienne","30":"tag-social","31":"tag-societe"},"share_on_mastodon":{"url":"https:\/\/pubeurope.com\/@fr\/114432139768072435","error":""},"_links":{"self":[{"href":"https:\/\/www.europesays.com\/fr\/wp-json\/wp\/v2\/posts\/66683","targetHints":{"allow":["GET"]}}],"collection":[{"href":"https:\/\/www.europesays.com\/fr\/wp-json\/wp\/v2\/posts"}],"about":[{"href":"https:\/\/www.europesays.com\/fr\/wp-json\/wp\/v2\/types\/post"}],"author":[{"embeddable":true,"href":"https:\/\/www.europesays.com\/fr\/wp-json\/wp\/v2\/users\/2"}],"replies":[{"embeddable":true,"href":"https:\/\/www.europesays.com\/fr\/wp-json\/wp\/v2\/comments?post=66683"}],"version-history":[{"count":0,"href":"https:\/\/www.europesays.com\/fr\/wp-json\/wp\/v2\/posts\/66683\/revisions"}],"wp:featuredmedia":[{"embeddable":true,"href":"https:\/\/www.europesays.com\/fr\/wp-json\/wp\/v2\/media\/66684"}],"wp:attachment":[{"href":"https:\/\/www.europesays.com\/fr\/wp-json\/wp\/v2\/media?parent=66683"}],"wp:term":[{"taxonomy":"category","embeddable":true,"href":"https:\/\/www.europesays.com\/fr\/wp-json\/wp\/v2\/categories?post=66683"},{"taxonomy":"post_tag","embeddable":true,"href":"https:\/\/www.europesays.com\/fr\/wp-json\/wp\/v2\/tags?post=66683"}],"curies":[{"name":"wp","href":"https:\/\/api.w.org\/{rel}","templated":true}]}}