{"id":666831,"date":"2026-01-16T03:46:16","date_gmt":"2026-01-16T03:46:16","guid":{"rendered":"https:\/\/www.europesays.com\/fr\/666831\/"},"modified":"2026-01-16T03:46:16","modified_gmt":"2026-01-16T03:46:16","slug":"rouquemoute-party-big-city-nantes","status":"publish","type":"post","link":"https:\/\/www.europesays.com\/fr\/666831\/","title":{"rendered":"Rouquemoute Party &#8211; Big City Nantes"},"content":{"rendered":"<p><img fetchpriority=\"high\" width=\"527\" height=\"264\" src=\"https:\/\/www.europesays.com\/fr\/wp-content\/uploads\/2026\/01\/Rouquemoute-Party-1-527x264.png\" class=\"attachment-csco-thumbnail-uncropped size-csco-thumbnail-uncropped wp-post-image\" alt=\"Festivit\u00e9 Rougemoute Party \u00e0 Nantes, \u00e9v\u00e8nement festif le 23 janvier 2026.\" decoding=\"async\"  \/>\t<img loading=\"lazy\" width=\"1044\" height=\"522\" src=\"https:\/\/www.europesays.com\/fr\/wp-content\/uploads\/2026\/01\/Rouquemoute-Party-1-1044x522.png\" class=\"attachment-csco-large-uncropped size-csco-large-uncropped wp-post-image\" alt=\"Festivit\u00e9 Rougemoute Party \u00e0 Nantes, \u00e9v\u00e8nement festif le 23 janvier 2026.\" decoding=\"async\"  \/><\/p>\n<p>\nCr\u00e9dit : Chez Rouquemoute<\/p>\n<p>C\u2019est la <strong>Rouquemoute Party<\/strong> ! Rendez-vous le <strong>vendredi 23 janvier de 17h \u00e0 2h au bar-librairie Chez Rouquemoute<\/strong> sur l\u2019\u00eele de Nantes. Au programme : vente de livres \u00e0 petits prix, vernissage de l\u2019exposition de linogravures de MisterGlo et un petit mix sign\u00e9 MisterGlo pour mettre de l\u2019ambiance. Une soir\u00e9e cr\u00e9ative et conviviale, \u00e0 ne pas manquer pour les amoureux de livres et d\u2019art !<\/p>\n","protected":false},"excerpt":{"rendered":"Cr\u00e9dit : Chez Rouquemoute C\u2019est la Rouquemoute Party ! Rendez-vous le vendredi 23 janvier de 17h \u00e0 2h&hellip;\n","protected":false},"author":2,"featured_media":666832,"comment_status":"","ping_status":"","sticky":false,"template":"","format":"standard","meta":{"footnotes":""},"categories":[2818],"tags":[1111,11,1777,674,1011,27,766,12,2636,25],"class_list":{"0":"post-666831","1":"post","2":"type-post","3":"status-publish","4":"format-standard","5":"has-post-thumbnail","7":"category-nantes","8":"tag-actu","9":"tag-actualites","10":"tag-eu","11":"tag-europe","12":"tag-fr","13":"tag-france","14":"tag-nantes","15":"tag-news","16":"tag-pays-de-la-loire","17":"tag-republique-francaise"},"share_on_mastodon":{"url":"https:\/\/pubeurope.com\/@fr\/115902728485672118","error":""},"_links":{"self":[{"href":"https:\/\/www.europesays.com\/fr\/wp-json\/wp\/v2\/posts\/666831","targetHints":{"allow":["GET"]}}],"collection":[{"href":"https:\/\/www.europesays.com\/fr\/wp-json\/wp\/v2\/posts"}],"about":[{"href":"https:\/\/www.europesays.com\/fr\/wp-json\/wp\/v2\/types\/post"}],"author":[{"embeddable":true,"href":"https:\/\/www.europesays.com\/fr\/wp-json\/wp\/v2\/users\/2"}],"replies":[{"embeddable":true,"href":"https:\/\/www.europesays.com\/fr\/wp-json\/wp\/v2\/comments?post=666831"}],"version-history":[{"count":0,"href":"https:\/\/www.europesays.com\/fr\/wp-json\/wp\/v2\/posts\/666831\/revisions"}],"wp:featuredmedia":[{"embeddable":true,"href":"https:\/\/www.europesays.com\/fr\/wp-json\/wp\/v2\/media\/666832"}],"wp:attachment":[{"href":"https:\/\/www.europesays.com\/fr\/wp-json\/wp\/v2\/media?parent=666831"}],"wp:term":[{"taxonomy":"category","embeddable":true,"href":"https:\/\/www.europesays.com\/fr\/wp-json\/wp\/v2\/categories?post=666831"},{"taxonomy":"post_tag","embeddable":true,"href":"https:\/\/www.europesays.com\/fr\/wp-json\/wp\/v2\/tags?post=666831"}],"curies":[{"name":"wp","href":"https:\/\/api.w.org\/{rel}","templated":true}]}}