{"id":666833,"date":"2026-01-16T03:47:19","date_gmt":"2026-01-16T03:47:19","guid":{"rendered":"https:\/\/www.europesays.com\/fr\/666833\/"},"modified":"2026-01-16T03:47:19","modified_gmt":"2026-01-16T03:47:19","slug":"une-journee-de-sensibilisation-a-la-lepre-dans-les-rues-de-la-ville","status":"publish","type":"post","link":"https:\/\/www.europesays.com\/fr\/666833\/","title":{"rendered":"une journ\u00e9e de sensibilisation \u00e0 la l\u00e8pre dans les rues de la ville"},"content":{"rendered":"<p>Le samedi 24 janvier, la <a href=\"https:\/\/www.raoul-follereau.org\/\" target=\"_blank\" rel=\"noreferrer noopener\">fondation Raoul-Follereau<\/a> invite les Bordelais \u00e0 d\u00e9couvrir et comprendre la l\u00e8pre \u00e0 travers un quiz et un jeu immersif organis\u00e9s entre le cours du Chapeau Rouge et la place de la Com\u00e9die. Une op\u00e9ration pour rappeler que cette maladie oubli\u00e9e reste bien active dans le monde.<\/p>\n<p>Si tu te balades dans le centre de Bordeaux ce samedi, tu pourrais tomber sur une initiative originale et instructive. \u00c0 l\u2019occasion de la <strong>Journ\u00e9e mondiale des malades de la l\u00e8pre<\/strong>, la fondation Raoul-Follereau organise une op\u00e9ration de sensibilisation pour le grand public. De <strong>13h30 \u00e0 18h<\/strong>, \u00e0 l\u2019angle du cours du Chapeau Rouge et de la place de la Com\u00e9die, tu pourras participer \u00e0 un <strong>quiz d\u00e9couverte<\/strong> et \u00e0 un <strong>jeu immersif<\/strong>. L\u2019objectif ? <strong>d\u00e9chirer les id\u00e9es re\u00e7ues<\/strong> sur la l\u00e8pre et les maladies tropicales n\u00e9glig\u00e9es \u00e0 manifestation cutan\u00e9e.<\/p>\n<p><img fetchpriority=\"high\" decoding=\"async\" width=\"612\" height=\"408\" src=\"https:\/\/www.europesays.com\/fr\/wp-content\/uploads\/2026\/01\/image-132.png\" alt=\"\" class=\"wp-image-88919\" style=\"width:552px;height:auto\"  \/>L\u2019action rappelle d\u00e9pistage pr\u00e9coce, soins aux malades et lutte contre pr\u00e9jug\u00e9s ; la l\u00e8pre reste active.<\/p>\n<p>Cette action vise surtout \u00e0 rappeler l\u2019importance du <strong>d\u00e9pistage pr\u00e9coce<\/strong>, de la <strong>prise en charge des malades<\/strong> et de la lutte contre les <strong>pr\u00e9jug\u00e9s<\/strong>. M\u00eame si on en entend peu parler en Europe, la <a href=\"https:\/\/www.who.int\/fr\/news-room\/fact-sheets\/detail\/leprosy#:~:text=Elle%20se%20manifeste%20par%20des,stigmatisation%20et%20%C3%A0%20la%20discrimination.\" target=\"_blank\" rel=\"noreferrer noopener\">l\u00e8pre <\/a>est toujours pr\u00e9sente dans le monde, avec <strong>environ 180 000 nouveaux cas chaque ann\u00e9e<\/strong>. Cette maladie infectieuse chronique peut provoquer des <strong>l\u00e9sions cutan\u00e9es et nerveuses<\/strong> si elle n\u2019est pas trait\u00e9e rapidement.<\/p>\n<p><img loading=\"lazy\" decoding=\"async\" width=\"724\" height=\"1024\" src=\"https:\/\/www.europesays.com\/fr\/wp-content\/uploads\/2026\/01\/image-131-724x1024.png\" alt=\"\" class=\"wp-image-88918\" style=\"aspect-ratio:0.7070056155393942;width:454px;height:auto\"  \/>La fondation revient \u00e0 Bordeaux : sensibilisation, quiz et jeu pour apprendre sur la l\u00e8pre. \u00a9Fondation Raoul-Follereau<\/p>\n<p>L\u2019an dernier d\u00e9j\u00e0, la fondation avait organis\u00e9 une op\u00e9ration similaire devant le <strong>Grand-Th\u00e9\u00e2tre<\/strong>, et le succ\u00e8s de cette initiative avait montr\u00e9 l\u2019int\u00e9r\u00eat des Bordelais pour ces actions de sensibilisation. Cette fois encore, tu pourras <strong>t\u2019informer, tester tes connaissances et t\u2019amuser tout en apprenant<\/strong>. Une mani\u00e8re simple et engageante de se souvenir qu\u2019une maladie \u201coubli\u00e9e\u201d m\u00e9rite toute notre attention.<\/p>\n<p>\u00c0 lire aussi : <a href=\"https:\/\/www.bougerabordeaux.com\/actu\/news\/bordeaux-un-nouvel-espace-vert-ouvre-ses-portes-aux-bassins-a-flot\/\" target=\"_blank\" rel=\"noreferrer noopener\">Bordeaux : un nouvel espace vert ouvre ses portes aux Bassins \u00e0 Flot<\/a><\/p>\n","protected":false},"excerpt":{"rendered":"Le samedi 24 janvier, la fondation Raoul-Follereau invite les Bordelais \u00e0 d\u00e9couvrir et comprendre la l\u00e8pre \u00e0 travers&hellip;\n","protected":false},"author":2,"featured_media":666834,"comment_status":"","ping_status":"","sticky":false,"template":"","format":"standard","meta":{"footnotes":""},"categories":[2817],"tags":[1111,11,1997,1777,674,1011,27,12,2219,25],"class_list":{"0":"post-666833","1":"post","2":"type-post","3":"status-publish","4":"format-standard","5":"has-post-thumbnail","7":"category-bordeaux","8":"tag-actu","9":"tag-actualites","10":"tag-bordeaux","11":"tag-eu","12":"tag-europe","13":"tag-fr","14":"tag-france","15":"tag-news","16":"tag-nouvelle-aquitaine","17":"tag-republique-francaise"},"share_on_mastodon":{"url":"https:\/\/pubeurope.com\/@fr\/115902732320005641","error":""},"_links":{"self":[{"href":"https:\/\/www.europesays.com\/fr\/wp-json\/wp\/v2\/posts\/666833","targetHints":{"allow":["GET"]}}],"collection":[{"href":"https:\/\/www.europesays.com\/fr\/wp-json\/wp\/v2\/posts"}],"about":[{"href":"https:\/\/www.europesays.com\/fr\/wp-json\/wp\/v2\/types\/post"}],"author":[{"embeddable":true,"href":"https:\/\/www.europesays.com\/fr\/wp-json\/wp\/v2\/users\/2"}],"replies":[{"embeddable":true,"href":"https:\/\/www.europesays.com\/fr\/wp-json\/wp\/v2\/comments?post=666833"}],"version-history":[{"count":0,"href":"https:\/\/www.europesays.com\/fr\/wp-json\/wp\/v2\/posts\/666833\/revisions"}],"wp:featuredmedia":[{"embeddable":true,"href":"https:\/\/www.europesays.com\/fr\/wp-json\/wp\/v2\/media\/666834"}],"wp:attachment":[{"href":"https:\/\/www.europesays.com\/fr\/wp-json\/wp\/v2\/media?parent=666833"}],"wp:term":[{"taxonomy":"category","embeddable":true,"href":"https:\/\/www.europesays.com\/fr\/wp-json\/wp\/v2\/categories?post=666833"},{"taxonomy":"post_tag","embeddable":true,"href":"https:\/\/www.europesays.com\/fr\/wp-json\/wp\/v2\/tags?post=666833"}],"curies":[{"name":"wp","href":"https:\/\/api.w.org\/{rel}","templated":true}]}}