{"id":666837,"date":"2026-01-16T03:49:13","date_gmt":"2026-01-16T03:49:13","guid":{"rendered":"https:\/\/www.europesays.com\/fr\/666837\/"},"modified":"2026-01-16T03:49:13","modified_gmt":"2026-01-16T03:49:13","slug":"municipales-2026-a-toulouse-le-parti-de-francois-ruffin-se-rallie-a-la-liste-briancon-ps","status":"publish","type":"post","link":"https:\/\/www.europesays.com\/fr\/666837\/","title":{"rendered":"Municipales 2026 \u00e0 Toulouse\u00a0: le parti de Fran\u00e7ois Ruffin se rallie \u00e0 la liste Brian\u00e7on (PS)"},"content":{"rendered":"<p>\n                                                                    l&rsquo;essentiel<br \/>\n                                                                Le parti de Fran\u00e7ois Ruffin annonce son ralliement \u00e0 la liste conduite par Fran\u00e7ois Brian\u00e7on aux municipales de Toulouse. Une liste qui rassemble d\u00e9j\u00e0 neuf formations dont le PS et les Ecologistes.\n                            <\/p>\n<p>La liste de Fran\u00e7ois Brian\u00e7on, qui r\u00e9unit d\u00e9j\u00e0 neuf formations \u00e0 gauche dont le PS et les Ecologistes, continue \u00e0 rassembler. Ce jeudi, la Gauche unie annonce le ralliement du parti de Fran\u00e7ois Ruffin, Debout\u00a0!, repr\u00e9sent\u00e9 \u00e0 Toulouse mais qui, jusqu\u2019\u00e0 pr\u00e9sent, ne s\u2019\u00e9tait jamais fait conna\u00eetre.<\/p>\n<p>D\u00e9put\u00e9 de la Somme\u00a0depuis 2017, Fran\u00e7ois Ruffin a pris ses distances avec la France Insoumise de Jean-Luc M\u00e9lenchon en 2024. Il est souvent cit\u00e9 par la gauche social-d\u00e9mocrate comme un alli\u00e9 possible.<\/p>\n<p>Mouss et Akim avec Piquemal<\/p>\n<p>Pour les municipales \u00e0 Toulouse, c\u2019est donc chose faite. La liste de Fran\u00e7ois Brian\u00e7on regroupe \u00e0 pr\u00e9sent dix formations\u00a0: le PS, les Ecologistes, Place Publique, le PCF, le PRG, le MRC, G\u00e9n\u00e9rations, Archipel Citoyen, Nouvelle Donne et Debout\u00a0! Cette alliance a d\u2019abord pour objectif de remporter le match des gauches au premier tour face \u00e0 la liste conduite par Fran\u00e7ois Piquemal, le d\u00e9put\u00e9 LFI qui a obtenu le soutien de l\u2019Assembl\u00e9e des quartiers de Salah Amokrane, de Tous pour Toulouse et de quelques dissidents \u00e9cologistes et archip\u00e9liens.<\/p>\n<p>\u00ab\u00a0Nous rejoignons cette dynamique unitaire\u00a0car elle est la condition pour permettre une v\u00e9ritable alternative politique au Capitole\u00a0\u00bb, souligne\u00a0Michael Gironde, repr\u00e9sentant d\u00e9partemental de Debout\u00a0! \u00ab\u00a0Toulouse traverse une crise du logement, une aggravation des in\u00e9galit\u00e9s et une urgence \u00e9cologique qui appellent des r\u00e9ponses claires et ambitieuses.\u00a0\u00bb<\/p>\n<p>        <img decoding=\"async\" class=\"std-img__img responsive-img\" src=\"https:\/\/www.europesays.com\/fr\/wp-content\/uploads\/2026\/01\/1768535353_207_image.jpg\" alt=\"Fran\u00e7ois Brian\u00e7on (\u00e0 g.) et Michael Gironde.\"\/><\/p>\n<p>                Fran\u00e7ois Brian\u00e7on (\u00e0 g.) et Michael Gironde.<br \/>\n                                    Liste Vivre mieux<\/p>\n<p>Fran\u00e7ois Brian\u00e7on, t\u00eate de liste de la Gauche Unie, se f\u00e9licite de ce soutien\u00a0: \u00ab\u00a0Je me r\u00e9jouis du soutien de Fran\u00e7ois Ruffin et de ses amis. C\u2019est une excellente nouvelle, qui confirme que la dynamique de rassemblement que nous avons engag\u00e9e peut encore s\u2019\u00e9largir. Elle montre qu\u2019un chemin existe pour construire \u00e0 Toulouse une majorit\u00e9 municipale sociale, \u00e9cologiste et populaire, capable de remettre la ville au service de celles et ceux qui y vivent et y travaillent.\u00a0\u00bb<\/p>\n<p>Fran\u00e7ois Piquemal doit, lui, annoncer le soutien des fr\u00e8res Mouss et Akim ce vendredi. Les deux chanteurs de l\u2019ex-groupe toulousain Zebda avaient chant\u00e9 sur sc\u00e8ne lors du grand meeting de Jean-Luc M\u00e9lenchon place du Capitole en avril\u00a02022. L\u2019un des deux fr\u00e8res figurera sur la liste.<\/p>\n","protected":false},"excerpt":{"rendered":"l&rsquo;essentiel Le parti de Fran\u00e7ois Ruffin annonce son ralliement \u00e0 la liste conduite par Fran\u00e7ois Brian\u00e7on aux municipales&hellip;\n","protected":false},"author":2,"featured_media":666838,"comment_status":"","ping_status":"","sticky":false,"template":"","format":"standard","meta":{"footnotes":""},"categories":[2816],"tags":[1111,11,1777,674,1011,27,329,2722,3434,12,2680,316,25,2312,37919],"class_list":{"0":"post-666837","1":"post","2":"type-post","3":"status-publish","4":"format-standard","5":"has-post-thumbnail","7":"category-toulouse","8":"tag-actu","9":"tag-actualites","10":"tag-eu","11":"tag-europe","12":"tag-fr","13":"tag-france","14":"tag-france-monde","15":"tag-haute-garonne","16":"tag-municipales-2026","17":"tag-news","18":"tag-occitanie","19":"tag-politique","20":"tag-republique-francaise","21":"tag-toulouse","22":"tag-u00c9lections"},"share_on_mastodon":{"url":"https:\/\/pubeurope.com\/@fr\/115902741436525133","error":""},"_links":{"self":[{"href":"https:\/\/www.europesays.com\/fr\/wp-json\/wp\/v2\/posts\/666837","targetHints":{"allow":["GET"]}}],"collection":[{"href":"https:\/\/www.europesays.com\/fr\/wp-json\/wp\/v2\/posts"}],"about":[{"href":"https:\/\/www.europesays.com\/fr\/wp-json\/wp\/v2\/types\/post"}],"author":[{"embeddable":true,"href":"https:\/\/www.europesays.com\/fr\/wp-json\/wp\/v2\/users\/2"}],"replies":[{"embeddable":true,"href":"https:\/\/www.europesays.com\/fr\/wp-json\/wp\/v2\/comments?post=666837"}],"version-history":[{"count":0,"href":"https:\/\/www.europesays.com\/fr\/wp-json\/wp\/v2\/posts\/666837\/revisions"}],"wp:featuredmedia":[{"embeddable":true,"href":"https:\/\/www.europesays.com\/fr\/wp-json\/wp\/v2\/media\/666838"}],"wp:attachment":[{"href":"https:\/\/www.europesays.com\/fr\/wp-json\/wp\/v2\/media?parent=666837"}],"wp:term":[{"taxonomy":"category","embeddable":true,"href":"https:\/\/www.europesays.com\/fr\/wp-json\/wp\/v2\/categories?post=666837"},{"taxonomy":"post_tag","embeddable":true,"href":"https:\/\/www.europesays.com\/fr\/wp-json\/wp\/v2\/tags?post=666837"}],"curies":[{"name":"wp","href":"https:\/\/api.w.org\/{rel}","templated":true}]}}