{"id":666843,"date":"2026-01-16T03:53:11","date_gmt":"2026-01-16T03:53:11","guid":{"rendered":"https:\/\/www.europesays.com\/fr\/666843\/"},"modified":"2026-01-16T03:53:11","modified_gmt":"2026-01-16T03:53:11","slug":"le-festival-marseillais-mise-sur-les-nouvelles-tetes-du-rap-francais-en-2026","status":"publish","type":"post","link":"https:\/\/www.europesays.com\/fr\/666843\/","title":{"rendered":"le festival marseillais mise sur les nouvelles t\u00eates du rap fran\u00e7ais en 2026"},"content":{"rendered":"<p>Place \u00e0 la jeunesse\u00a0! Pour sa 28e \u00e9dition, <a href=\"https:\/\/www.laprovence.com\/article\/culture-loisirs\/1256396990703415\/marsatac-2025-le-rap-et-l-electro-ont-percute-les-milliers-de-festivaliers-ce-vendredi-soir\" target=\"_blank\" rel=\"noopener\">le festival Marsatac<\/a> mise sur les rookies\u00a0du rap fran\u00e7ais et perp\u00e9tue sa tradition de mettre en avant les talents de demain. La Rvfleuze, Jeune Morty et Meryl s\u2019ajoutent \u00e0 la <a href=\"https:\/\/www.laprovence.com\/article\/culture-loisirs\/74388483366739\/marsatac-theodora-premier-nom-devoile-de-la-programmation-2026\" target=\"_blank\" rel=\"noopener\">premi\u00e8re salve d\u2019artistes invit\u00e9s<\/a>. Le premier cit\u00e9 est l\u2019une des r\u00e9v\u00e9lations de l\u2019ann\u00e9e\u00a02025. Au cours de laquelle le rappeur a repris sa progression l\u00e0 o\u00f9 il l\u2019avait laiss\u00e9e avant son entr\u00e9e en prison.<\/p>\n<p>Avec la m\u00eame recette\u00a0: des sons courts et efficaces o\u00f9 sa voix rocailleuse d\u00e9bite des r\u00e9f\u00e9rences \u00e0 tous types de sportifs. Depuis le d\u00e9but d\u2019ann\u00e9e\u00a02025, il a sorti une dizaine de clips, qui l\u2019ont propuls\u00e9 dans le top des charts et permis de croiser le micro avec les poids lourds de la sc\u00e8ne, notamment des featurings avec Gazo, Leto et Himra.<\/p>\n<p>Ils joueront tous les trois le vendredi 12\u00a0juin<\/p>\n<p>Il sera sur sc\u00e8ne le jeudi 12\u00a0juin. Comme le deuxi\u00e8me, Jeune Morty, qui a connu un v\u00e9ritable coup de boost dans sa carri\u00e8re avec la sortie courant 2025 de sa premi\u00e8re mixtape Eponyme, qui a rencontr\u00e9 un certain succ\u00e8s d\u2019estime. M\u00ealant influence am\u00e9ricaine et ivoirienne &#8211; son pays d\u2019origine &#8211; son premier disque est la rencontre entre des grosses basses trap et des samples de DJ Arafat, roi du coup\u00e9\/d\u00e9cal\u00e9.<\/p>\n<p>\u00c0 ces deux noms s\u2019ajoute Meryl. R\u00e9v\u00e9l\u00e9e en\u00a02019, l\u2019artiste martiniquaise s\u2019est v\u00e9ritablement impos\u00e9e dans le paysage du rap francophone en\u00a02024 avec la sortie de son premier album studio Caviar.<\/p>\n<p>En plus de sa signature vocale unique et de sa polyvalence, Meryl est aussi une performeuse sur sc\u00e8ne, en t\u00e9moigne ses nominations en\u00a02024\u00a0: aux Victoires de la Musique (R\u00e9v\u00e9lation f\u00e9minine et R\u00e9v\u00e9lation sc\u00e8ne) et aux Flammes (R\u00e9v\u00e9lation sc\u00e9nique et Artiste f\u00e9minine de l\u2019ann\u00e9e). Elle sera \u00e0 Marsatac le m\u00eame soir que Jeune Morty et La Rvfleuze.<\/p>\n<p>Pour l\u2019instant, seuls des rappeurs et rappeuses annonc\u00e9s<\/p>\n<p>Menace Santana et Ino Casablanca, d\u00e9j\u00e0 annonc\u00e9s il y a quelques semaines de cela, compl\u00e9teront cette journ\u00e9e de festival. Le lendemain, les t\u00eates d\u2019affiche <a href=\"https:\/\/www.laprovence.com\/article\/culture-loisirs\/1417762661725914\/theodora-nouvelle-sensation-francophone-du-hip-hop-a-rencontre-ses-fans-avant-son-concert-a-marseille-en-aout\" target=\"_blank\" rel=\"noopener\">Th\u00e9odora<\/a>, Disiz et Bamby concluront la 28e \u00e9dition du festival. Pour l\u2019instant, seuls des rappeurs et rappeuses ont \u00e9t\u00e9 annonc\u00e9s, Marsatac \u00e9tant aussi connu pour sa programmation \u00e9lectro.<\/p>\n<p>Du 11 au 13\u00a0juin\u00a02026 au parc Bor\u00e9ly (8e) \u00e0 Marseille. \u00c0 partir de 39\u20ac. marsatac.com<\/p>\n","protected":false},"excerpt":{"rendered":"Place \u00e0 la jeunesse\u00a0! Pour sa 28e \u00e9dition, le festival Marsatac mise sur les rookies\u00a0du rap fran\u00e7ais et&hellip;\n","protected":false},"author":2,"featured_media":666844,"comment_status":"","ping_status":"","sticky":false,"template":"","format":"standard","meta":{"footnotes":""},"categories":[2814],"tags":[5734,1111,11,251,1777,674,849,1011,27,151,19357,761,884,6352,12,1113,882,25,3356],"class_list":{"0":"post-666843","1":"post","2":"type-post","3":"status-publish","4":"format-standard","5":"has-post-thumbnail","7":"category-marseille","8":"tag-5734","9":"tag-actu","10":"tag-actualites","11":"tag-culture","12":"tag-eu","13":"tag-europe","14":"tag-festival","15":"tag-fr","16":"tag-france","17":"tag-les","18":"tag-marsatac","19":"tag-marseillais","20":"tag-marseille","21":"tag-mise","22":"tag-news","23":"tag-nouvelles","24":"tag-provence-alpes-cote-dazur","25":"tag-republique-francaise","26":"tag-sur"},"share_on_mastodon":{"url":"https:\/\/pubeurope.com\/@fr\/115902755908113333","error":""},"_links":{"self":[{"href":"https:\/\/www.europesays.com\/fr\/wp-json\/wp\/v2\/posts\/666843","targetHints":{"allow":["GET"]}}],"collection":[{"href":"https:\/\/www.europesays.com\/fr\/wp-json\/wp\/v2\/posts"}],"about":[{"href":"https:\/\/www.europesays.com\/fr\/wp-json\/wp\/v2\/types\/post"}],"author":[{"embeddable":true,"href":"https:\/\/www.europesays.com\/fr\/wp-json\/wp\/v2\/users\/2"}],"replies":[{"embeddable":true,"href":"https:\/\/www.europesays.com\/fr\/wp-json\/wp\/v2\/comments?post=666843"}],"version-history":[{"count":0,"href":"https:\/\/www.europesays.com\/fr\/wp-json\/wp\/v2\/posts\/666843\/revisions"}],"wp:featuredmedia":[{"embeddable":true,"href":"https:\/\/www.europesays.com\/fr\/wp-json\/wp\/v2\/media\/666844"}],"wp:attachment":[{"href":"https:\/\/www.europesays.com\/fr\/wp-json\/wp\/v2\/media?parent=666843"}],"wp:term":[{"taxonomy":"category","embeddable":true,"href":"https:\/\/www.europesays.com\/fr\/wp-json\/wp\/v2\/categories?post=666843"},{"taxonomy":"post_tag","embeddable":true,"href":"https:\/\/www.europesays.com\/fr\/wp-json\/wp\/v2\/tags?post=666843"}],"curies":[{"name":"wp","href":"https:\/\/api.w.org\/{rel}","templated":true}]}}