{"id":66685,"date":"2025-05-01T10:37:09","date_gmt":"2025-05-01T10:37:09","guid":{"rendered":"https:\/\/www.europesays.com\/fr\/66685\/"},"modified":"2025-05-01T10:37:09","modified_gmt":"2025-05-01T10:37:09","slug":"le-tres-bon-bilan-2024-de-destination-nancy-qui-a-organise-178-evenements-durant-lannee","status":"publish","type":"post","link":"https:\/\/www.europesays.com\/fr\/66685\/","title":{"rendered":"le tr\u00e8s bon bilan 2024 de Destination Nancy, qui a organis\u00e9 178 \u00e9v\u00e9nements durant l\u2019ann\u00e9e"},"content":{"rendered":"<p>                    \u00ab\u00a0Nouvelle phase de d\u00e9veloppement\u00a0\u00bb<\/p>\n<p>Une ann\u00e9e\u2026 exceptionnelle pour <a href=\"https:\/\/destination-nancy.com\/\" target=\"_blank\" rel=\"nofollow noopener\">Destination Nancy<\/a> , soci\u00e9t\u00e9 anonyme publique locale (SAPL), d\u00e9tenue \u00e0 82\u00a0% par la M\u00e9tropole du Grand Nancy et \u00e0 18\u00a0% par la Ville de Nancy, qui vient de publier ses r\u00e9sultats pour l\u2019ann\u00e9e 2024.<\/p>\n<p>En r\u00e9sum\u00e9\u00a0: plus de 8\u00a0millions d\u2019euros de chiffre d\u2019affaires (+\u00a012\u00a0%), 178 \u00e9v\u00e9nements nationaux et internationaux organis\u00e9s au Centre de congr\u00e8s Prouv\u00e9 et au parc des expositions, 49\u00a0millions d\u2019euros de retomb\u00e9es \u00e9conomiques globales g\u00e9n\u00e9r\u00e9es pour le territoire, 313\u00a0897 visiteurs accueillis par l\u2019Office de Tourisme M\u00e9tropolitain (+\u00a05\u00a0%).<\/p>\n<p>Commentaire de <a href=\"https:\/\/www.estrepublicain.fr\/culture-loisirs\/2024\/02\/16\/evenementiel-une-nanceienne-a-la-tete-du-nouveau-fleuron-francais\" target=\"_blank\" rel=\"nofollow noopener\">B\u00e9atrice Cuif-Mathieu,<\/a> directrice g\u00e9n\u00e9rale de Destination Nancy\u00a0: \u00ab\u00a0Ces r\u00e9sultats&#8230;<\/p>\n","protected":false},"excerpt":{"rendered":"\u00ab\u00a0Nouvelle phase de d\u00e9veloppement\u00a0\u00bb Une ann\u00e9e\u2026 exceptionnelle pour Destination Nancy , soci\u00e9t\u00e9 anonyme publique locale (SAPL), d\u00e9tenue \u00e0&hellip;\n","protected":false},"author":2,"featured_media":66686,"comment_status":"","ping_status":"","sticky":false,"template":"","format":"standard","meta":{"footnotes":""},"categories":[9635],"tags":[1111,11,327,1477,4406,130,33,1704,1777,674,1011,27,775,693,1702,1703,12,25,104,602,6182],"class_list":{"0":"post-66685","1":"post","2":"type-post","3":"status-publish","4":"format-standard","5":"has-post-thumbnail","7":"category-nancy","8":"tag-actu","9":"tag-actualites","10":"tag-agriculture","11":"tag-artisanat","12":"tag-commerce-et-services","13":"tag-consommation","14":"tag-economie","15":"tag-edition-nancy-et-agglomeration","16":"tag-eu","17":"tag-europe","18":"tag-fr","19":"tag-france","20":"tag-grand-est","21":"tag-industrie","22":"tag-nancy","23":"tag-nancy-ville-54b","24":"tag-news","25":"tag-republique-francaise","26":"tag-societe","27":"tag-tourisme","28":"tag-vins-et-viticulture"},"share_on_mastodon":{"url":"https:\/\/pubeurope.com\/@fr\/114432143769845010","error":""},"_links":{"self":[{"href":"https:\/\/www.europesays.com\/fr\/wp-json\/wp\/v2\/posts\/66685","targetHints":{"allow":["GET"]}}],"collection":[{"href":"https:\/\/www.europesays.com\/fr\/wp-json\/wp\/v2\/posts"}],"about":[{"href":"https:\/\/www.europesays.com\/fr\/wp-json\/wp\/v2\/types\/post"}],"author":[{"embeddable":true,"href":"https:\/\/www.europesays.com\/fr\/wp-json\/wp\/v2\/users\/2"}],"replies":[{"embeddable":true,"href":"https:\/\/www.europesays.com\/fr\/wp-json\/wp\/v2\/comments?post=66685"}],"version-history":[{"count":0,"href":"https:\/\/www.europesays.com\/fr\/wp-json\/wp\/v2\/posts\/66685\/revisions"}],"wp:featuredmedia":[{"embeddable":true,"href":"https:\/\/www.europesays.com\/fr\/wp-json\/wp\/v2\/media\/66686"}],"wp:attachment":[{"href":"https:\/\/www.europesays.com\/fr\/wp-json\/wp\/v2\/media?parent=66685"}],"wp:term":[{"taxonomy":"category","embeddable":true,"href":"https:\/\/www.europesays.com\/fr\/wp-json\/wp\/v2\/categories?post=66685"},{"taxonomy":"post_tag","embeddable":true,"href":"https:\/\/www.europesays.com\/fr\/wp-json\/wp\/v2\/tags?post=66685"}],"curies":[{"name":"wp","href":"https:\/\/api.w.org\/{rel}","templated":true}]}}