{"id":666850,"date":"2026-01-16T03:58:14","date_gmt":"2026-01-16T03:58:14","guid":{"rendered":"https:\/\/www.europesays.com\/fr\/666850\/"},"modified":"2026-01-16T03:58:14","modified_gmt":"2026-01-16T03:58:14","slug":"les-tirages-des-clubs-franciliens-ligue-de-paris-ile-de-france","status":"publish","type":"post","link":"https:\/\/www.europesays.com\/fr\/666850\/","title":{"rendered":"LES TIRAGES DES CLUBS FRANCILIENS \u2013 LIGUE DE PARIS ILE-DE-FRANCE"},"content":{"rendered":"<p>                    <img width=\"611\" height=\"378\" src=\"https:\/\/www.europesays.com\/fr\/wp-content\/uploads\/2026\/01\/Capture-decran-2026-01-15-164415-611x378.jpg\" class=\"vignette-large wp-post-image\" alt=\"\" decoding=\"async\" fetchpriority=\"high\"  \/>                    <\/p>\n<p>\n                        COUPES : LES TIRAGES DES CLUBS FRANCILIENS\n                    <\/p>\n<p style=\"text-align: justify;\">Trois tirages de coupes nationales ont eu lieu ces derniers jours.<\/p>\n<p style=\"text-align: justify;\"><strong>Coupe de France<\/strong><br \/>Apr\u00e8s avoir r\u00e9ussi l\u2019exploit de sortir le PSG, le <strong>Paris FC<\/strong> est le dernier repr\u00e9sentant de l\u2019\u00cele-de-France en 8\u00e8mes de finale de Coupe de France. Les Parisiens iront encore rendre visite \u00e0 un club de Ligue 1, le FC Lorient, la semaine du 4 f\u00e9vrier.\u00a0\u00a0<\/p>\n<p style=\"text-align: justify;\"><strong>Coupe de France f\u00e9minine\u00a0<\/strong><br \/>Les trois locomotives du football f\u00e9minin francilien seront au rendez-vous des 8\u00e8mes de finale de la Coupe de France f\u00e9minine. Tenantes du titre, les joueuses du <strong>Paris FC<\/strong> se d\u00e9placeront \u00e0 Saint-Malo (Seconde Ligue), alors que le <strong>Paris Saint-Germain<\/strong>, finaliste de la derni\u00e8re \u00e9dition, recevra le Montpellier HSC (D1 Ark\u00e9ma). Autre choc entre \u00e9quipes de l\u2019\u00e9lite pour le <strong>FC Fleury 91<\/strong>, qui ira sur la pelouse du Dijon FCO. Les rencontres auront lieu le week-end du 25 janvier.\u00a0<\/p>\n<p style=\"text-align: justify;\"><strong>Coupe Gambardella<\/strong><br \/>Quatre \u00e9quipes franciliennes sont encore en lice en Coupe Gambardella, dont trois qui \u00e9voluent en U19 Nationaux. En 16\u00e8me de finale, le <strong>Paris Saint-Germain<\/strong>\u00a0se d\u00e9placera au Mans (U18 R1), pendant que le <strong>Paris FC<\/strong> et le <strong>Montfermeil FC<\/strong> recevront respectivement le Valenciennes FC (U19 Nat.) et le RC Strasbourg Alsace (U19 Nat.). Quant au <strong>Versailles FC 78<\/strong> (U18 R1), il accueillera le SM Caen (U19 Nat.). Rendez-vous le dimanche 1er f\u00e9vrier pour ces trois matchs.\u00a0<\/p>\n<p>Par<br \/>\n                     Florent<br \/>\n                     PIASECKI\n                <\/p>\n","protected":false},"excerpt":{"rendered":"COUPES : LES TIRAGES DES CLUBS FRANCILIENS Trois tirages de coupes nationales ont eu lieu ces derniers jours.&hellip;\n","protected":false},"author":2,"featured_media":666851,"comment_status":"","ping_status":"","sticky":false,"template":"","format":"standard","meta":{"footnotes":""},"categories":[1592],"tags":[1111,11,1777,674,1011,27,662,12,626,25],"class_list":{"0":"post-666850","1":"post","2":"type-post","3":"status-publish","4":"format-standard","5":"has-post-thumbnail","7":"category-ile-de-france","8":"tag-actu","9":"tag-actualites","10":"tag-eu","11":"tag-europe","12":"tag-fr","13":"tag-france","14":"tag-ile-de-france","15":"tag-news","16":"tag-paris","17":"tag-republique-francaise"},"share_on_mastodon":{"url":"https:\/\/pubeurope.com\/@fr\/115902775545760705","error":""},"_links":{"self":[{"href":"https:\/\/www.europesays.com\/fr\/wp-json\/wp\/v2\/posts\/666850","targetHints":{"allow":["GET"]}}],"collection":[{"href":"https:\/\/www.europesays.com\/fr\/wp-json\/wp\/v2\/posts"}],"about":[{"href":"https:\/\/www.europesays.com\/fr\/wp-json\/wp\/v2\/types\/post"}],"author":[{"embeddable":true,"href":"https:\/\/www.europesays.com\/fr\/wp-json\/wp\/v2\/users\/2"}],"replies":[{"embeddable":true,"href":"https:\/\/www.europesays.com\/fr\/wp-json\/wp\/v2\/comments?post=666850"}],"version-history":[{"count":0,"href":"https:\/\/www.europesays.com\/fr\/wp-json\/wp\/v2\/posts\/666850\/revisions"}],"wp:featuredmedia":[{"embeddable":true,"href":"https:\/\/www.europesays.com\/fr\/wp-json\/wp\/v2\/media\/666851"}],"wp:attachment":[{"href":"https:\/\/www.europesays.com\/fr\/wp-json\/wp\/v2\/media?parent=666850"}],"wp:term":[{"taxonomy":"category","embeddable":true,"href":"https:\/\/www.europesays.com\/fr\/wp-json\/wp\/v2\/categories?post=666850"},{"taxonomy":"post_tag","embeddable":true,"href":"https:\/\/www.europesays.com\/fr\/wp-json\/wp\/v2\/tags?post=666850"}],"curies":[{"name":"wp","href":"https:\/\/api.w.org\/{rel}","templated":true}]}}