{"id":666856,"date":"2026-01-16T04:01:20","date_gmt":"2026-01-16T04:01:20","guid":{"rendered":"https:\/\/www.europesays.com\/fr\/666856\/"},"modified":"2026-01-16T04:01:20","modified_gmt":"2026-01-16T04:01:20","slug":"les-agriculteurs-de-la-confederation-paysanne-liberes","status":"publish","type":"post","link":"https:\/\/www.europesays.com\/fr\/666856\/","title":{"rendered":"les agriculteurs de la Conf\u00e9d\u00e9ration paysanne lib\u00e9r\u00e9s"},"content":{"rendered":"<p>                    Par<br \/>\n        <strong><br \/>\n            <a href=\"https:\/\/actu.fr\/auteur\/redaction-paris\" title=\"Consulter tous les articles de R\u00e9daction Paris\" target=\"_blank\" rel=\"noopener\">R\u00e9daction Paris<\/a><br \/>\n                    <\/strong><\/p>\n<p>        Publi\u00e9 le<\/p>\n<p>            15 janv. 2026 \u00e0 16h45        <\/p>\n<p>Lib\u00e9r\u00e9s. Les <a href=\"https:\/\/actu.fr\/ile-de-france\/paris_75056\/paris-50-agriculteurs-en-garde-a-vue-apres-s-etre-introduits-dans-le-ministere-de-l-agriculture_63700348.html\" target=\"_blank\" rel=\"noopener\">52 agriculteurs de la Conf\u00e9d\u00e9ration paysanne arr\u00eat\u00e9s<\/a> mercredi 14 janvier 2026 apr\u00e8s \u00eatre entr\u00e9s dans une annexe du minist\u00e8re de l\u2019Agriculture sont sortis de garde \u00e0 vue <strong>sans poursuite judiciaire<\/strong>, a appris l\u2019AFP du <a href=\"https:\/\/actu.fr\/tag\/tribunal-de-paris\" target=\"_blank\" rel=\"noopener\">parquet de Paris<\/a>.<\/p>\n<p>Ni violence ni d\u00e9gradation<\/p>\n<p class=\" wall-content\">\u00ab\u00a0Seuls des autocollants ont \u00e9t\u00e9 constat\u00e9s dans les locaux dans lesquels les personnes avaient p\u00e9n\u00e9tr\u00e9. L\u2019exploitation des vid\u00e9osurveillances a permis de voir un groupe de personnes munies de <strong>banderoles<\/strong> et cartons occuper l\u2019entr\u00e9e et le sas d\u2019une annexe, sans commission de violences ni de d\u00e9gradation\u00a0\u00bb, a relat\u00e9 le tribunal parisien.<\/p>\n<p class=\" wall-content\">En cons\u00e9quence, le minist\u00e8re public \u00ab\u00a0a class\u00e9 en raison de <strong>l\u2019absence d\u2019infraction<\/strong> suffisamment caract\u00e9ris\u00e9e, pour l\u2019ensemble des personnes interpell\u00e9es\u00a0\u00bb pour d\u00e9gradations d\u2019un bien public en r\u00e9union et participation \u00e0 un groupement en vue de commettre des d\u00e9gradations.<\/p>\n<p>    <a href=\"https:\/\/www.facebook.com\/plugins\/video.php?height=476&amp;href=https%3A%2F%2Fwww.facebook.com%2Freel%2F2658632581187402%2F&amp;show_text=false&amp;width=350&amp;t=0\" title=\"Ouvrie le lien\" target=\"_blank\" rel=\"noopener\">Cliquez ici pour visualiser le contenu<\/a><\/p>\n<p class=\" wall-content\">Pour rappel, mercredi 14 janvier 2026, peu apr\u00e8s 16 heures, une centaine d\u2019agriculteurs de la Conf\u00e9d\u00e9ration paysanne \u00e9taient entr\u00e9s dans une annexe du minist\u00e8re, en d\u00e9ployant une banderole \u00ab\u00a0L\u2019agriculture, <strong>on veut en vivre<\/strong>, pas en mourir\u00a0\u00bb. Selon une source polici\u00e8re, ils \u00e9taient aussi munis de bombes de peinture, de fumig\u00e8nes et d\u2019un cutter. Un responsable du minist\u00e8re de l\u2019Agriculture a port\u00e9 plainte, selon la m\u00eame source.<\/p>\n<p class=\" wall-content\">Cinquante-deux militants dont trois porte-parole nationaux avaient \u00e9t\u00e9 plac\u00e9s en garde \u00e0 vue dans diff\u00e9rents commissariats parisiens. \u00ab\u00a0Un grand merci, et une <strong>grande fiert\u00e9<\/strong>. Parce qu\u2019on est l\u00e0 pour d\u00e9fendre les petits paysans, c\u2019est pour \u00e7a qu\u2019on est l\u00e0\u00a0\u00bb, s\u2019est \u00e9cri\u00e9 Jean-Michel Sauvage, agriculteur bio dans le Pas-de-Calais, en sortant du commissariat du 13\u00e8me arrondissement sous les applaudissements de militants, a constat\u00e9 un journaliste de l\u2019AFP.<\/p>\n<p>De nombreux soutiens<\/p>\n<p class=\" wall-content\">Devant les locaux, une centaine de militants et membres de la Conf\u00e9d\u00e9ration paysanne, de la CGT, de Solidaires et d\u2019autres associations \u00e9cologistes s\u2019\u00e9taient rassembl\u00e9s dans la matin\u00e9e pour les soutenir. Des \u00e9lus de gauche, dont l\u2019\u00e9cologiste <strong>Sandrine Rousseau<\/strong>, \u00e9taient \u00e9galement pr\u00e9sents. \u00ab\u00a0On d\u00e9nonce clairement la r\u00e9pression d\u00e9mesur\u00e9e que subit la Conf\u00e9d\u00e9ration paysanne\u00a0\u00bb, a d\u00e9clar\u00e9 \u00e0 l\u2019AFP Nina Lejeune, secr\u00e9taire nationale du syndicat agricole.<\/p>\n<p>Votre r\u00e9gion, votre actu !<\/p>\n<p>Recevez chaque jour les infos qui comptent pour vous.<\/p>\n<p>\t<a href=\"https:\/\/actu.fr\/newsletter\" class=\"ac-btn ac-btn--corner ac-btn--medium ac-btn--blue800\" target=\"_blank\" rel=\"noopener\">S&rsquo;incrire<\/a><\/p>\n<p class=\" wall-content\">Les \u00e9lus syndicaux pr\u00e9sents se sont \u00e9galement insurg\u00e9s contre ce qu\u2019ils d\u00e9crivent comme un <strong>\u00ab\u00a0deux poids, deux mesures\u00a0\u00bb<\/strong> entre la Conf\u00e9d\u00e9ration paysanne et la FNSEA, principal syndicat agricole, dont les 350 tracteurs ont d\u00e9fil\u00e9 mardi dans Paris jusqu\u2019\u00e0 l\u2019Assembl\u00e9e nationale.<\/p>\n<p class=\" wall-content\">\u00ab\u00a0On \u00e9tait rassembl\u00e9s pacifiquement, il n\u2019y a eu <strong>aucun dialogue<\/strong> possible\u00a0\u00bb, a affirm\u00e9 jeudi Nicolas Fortin, secr\u00e9taire national de la Conf\u00e9d\u00e9ration paysanne devant le commissariat du 13\u00e8me arrondissement.<\/p>\n<p class=\" wall-content\">Avec AFP.<\/p>\n<p class=\" wall-content\">Personnalisez votre actualit\u00e9 en ajoutant vos villes et m\u00e9dias en favori avec <a href=\"https:\/\/moncompte.actu.fr\" title=\"D\u00e9couvez Mon Actu\" rel=\"nofollow noopener\" data-trk=\"{&quot;cta&quot;:{&quot;action&quot;:&quot;https:\\\/\\\/moncompte.actu.fr&quot;,&quot;category&quot;:&quot;mon compte&quot;,&quot;from&quot;:&quot;article footer&quot;,&quot;name&quot;:&quot;Mon actu&quot;,&quot;type&quot;:&quot;cta&quot;}}\" target=\"_blank\">Mon Actu<\/a>.<\/p>\n","protected":false},"excerpt":{"rendered":"Par R\u00e9daction Paris Publi\u00e9 le 15 janv. 2026 \u00e0 16h45 Lib\u00e9r\u00e9s. Les 52 agriculteurs de la Conf\u00e9d\u00e9ration paysanne&hellip;\n","protected":false},"author":2,"featured_media":666857,"comment_status":"","ping_status":"","sticky":false,"template":"","format":"standard","meta":{"footnotes":""},"categories":[1888],"tags":[11,327,1777,674,118,1011,27,12,626,1072,25,4595],"class_list":{"0":"post-666856","1":"post","2":"type-post","3":"status-publish","4":"format-standard","5":"has-post-thumbnail","7":"category-paris","8":"tag-actualites","9":"tag-agriculture","10":"tag-eu","11":"tag-europe","12":"tag-faits-divers","13":"tag-fr","14":"tag-france","15":"tag-news","16":"tag-paris","17":"tag-police","18":"tag-republique-francaise","19":"tag-tribunal-de-paris"},"share_on_mastodon":{"url":"https:\/\/pubeurope.com\/@fr\/115902787364298915","error":""},"_links":{"self":[{"href":"https:\/\/www.europesays.com\/fr\/wp-json\/wp\/v2\/posts\/666856","targetHints":{"allow":["GET"]}}],"collection":[{"href":"https:\/\/www.europesays.com\/fr\/wp-json\/wp\/v2\/posts"}],"about":[{"href":"https:\/\/www.europesays.com\/fr\/wp-json\/wp\/v2\/types\/post"}],"author":[{"embeddable":true,"href":"https:\/\/www.europesays.com\/fr\/wp-json\/wp\/v2\/users\/2"}],"replies":[{"embeddable":true,"href":"https:\/\/www.europesays.com\/fr\/wp-json\/wp\/v2\/comments?post=666856"}],"version-history":[{"count":0,"href":"https:\/\/www.europesays.com\/fr\/wp-json\/wp\/v2\/posts\/666856\/revisions"}],"wp:featuredmedia":[{"embeddable":true,"href":"https:\/\/www.europesays.com\/fr\/wp-json\/wp\/v2\/media\/666857"}],"wp:attachment":[{"href":"https:\/\/www.europesays.com\/fr\/wp-json\/wp\/v2\/media?parent=666856"}],"wp:term":[{"taxonomy":"category","embeddable":true,"href":"https:\/\/www.europesays.com\/fr\/wp-json\/wp\/v2\/categories?post=666856"},{"taxonomy":"post_tag","embeddable":true,"href":"https:\/\/www.europesays.com\/fr\/wp-json\/wp\/v2\/tags?post=666856"}],"curies":[{"name":"wp","href":"https:\/\/api.w.org\/{rel}","templated":true}]}}