{"id":666858,"date":"2026-01-16T04:02:27","date_gmt":"2026-01-16T04:02:27","guid":{"rendered":"https:\/\/www.europesays.com\/fr\/666858\/"},"modified":"2026-01-16T04:02:27","modified_gmt":"2026-01-16T04:02:27","slug":"bravo-ne-lachez-rien-distribution-gratuite-klaxons-a-paris-et-dans-les-hauts-de-seine-les-producteurs-de-laits-mobilises","status":"publish","type":"post","link":"https:\/\/www.europesays.com\/fr\/666858\/","title":{"rendered":"\u00ab\u00a0Bravo, ne l\u00e2chez rien\u00a0\u00bb\u00a0: distribution gratuite, klaxons&#8230; \u00e0 Paris et dans les Hauts-de-Seine, les producteurs de laits mobilis\u00e9s"},"content":{"rendered":"<p class=\"paragraph text_align_left lp-f-body-02\">Sous le bruit des klaxons et des applaudissements, un convoi de producteurs de lait a d\u00e9ambul\u00e9 ce jeudi apr\u00e8s-midi place d\u2019Italie, \u00e0 Paris, pour porter les revendications du secteur et mener une op\u00e9ration de sensibilisation aupr\u00e8s des consommateurs. Plus t\u00f4t dans la journ\u00e9e, les professionnels \u00e9taient mobilis\u00e9s devant <a href=\"https:\/\/www.leparisien.fr\/hauts-de-seine-92\/chatenay-malabry-les-commercants-comptent-sur-le-siege-de-lidl-et-la-nouvelle-ecole-pour-dynamiser-lecoquartier-27-09-2024-B27JGW3KYJDN3E5WJD3DRMVLQY.php\" target=\"_blank\" rel=\"noreferrer noopener\">le si\u00e8ge social de Lidl<\/a>, \u00e0 Ch\u00e2tenay-Malabry dans les Hauts-de-Seine.<\/p>\n<p class=\"\">Une soixantaine de producteurs de l\u2019Association des producteurs de lait ind\u00e9pendants (Apli) et de <a href=\"https:\/\/www.leparisien.fr\/societe\/colere-des-agriculteurs-la-coordination-rurale-prete-a-passer-en-sous-marin-par-la-seine-pour-rejoindre-paris-07-01-2026-CWSCLLA4RJDZFKFVCYCD74AZOU.php\" target=\"_blank\" rel=\"noreferrer noopener\">la Coordination rurale (CR)<\/a> sont arriv\u00e9s aux alentours de 16 heures dans<a href=\"https:\/\/www.leparisien.fr\/paris-75\/paris-75013\/\" target=\"_blank\" rel=\"noreferrer noopener\"> le XIIIe arrondissement<\/a>, indique aupr\u00e8s du Parisien le pr\u00e9sident de l\u2019Apli Adrien Lef\u00e8vre. Des dizaines de personnes \u00e9taient \u00ab pr\u00e9sentes pour nous applaudir, nous dire : \u00ab Bravo, ne l\u00e2chez rien ! \u00bb Ce sont des images d\u2019une force incroyable \u00bb, raconte le repr\u00e9sentant de la branche.<\/p>\n<p class=\"\">Lors de cette op\u00e9ration, les \u00e9leveurs ont distribu\u00e9 1 000 litres de lait demi-\u00e9cr\u00e9m\u00e9 et de lait chocolat\u00e9 de la marque \u00e9quitable FaireFrance aux Parisiens et aux Parisiennes. \u00ab Depuis le d\u00e9but du <a href=\"https:\/\/www.leparisien.fr\/societe\/colere-agricole-les-tracteurs-des-agriculteurs-ont-commence-a-quitter-paris-ce-matin-14-01-2026-SRZBM2DY2ZAZTCBQU3LUOP2EQY.php\" target=\"_blank\" rel=\"noreferrer noopener\">mouvement agricole<\/a>, les consommateurs et les Franciliens nous encouragent, nous f\u00e9licitent. Avec cette op\u00e9ration, l\u2019objectif est de cr\u00e9er une communaut\u00e9 de consommateurs engag\u00e9s, que l\u2019on pourra recontacter, informer, inviter \u00e0 des \u00e9v\u00e9nements \u00bb, d\u00e9taille Adrien Lef\u00e8vre.<\/p>\n<p>Un rendez-vous attendu avec Lidl France<\/p>\n<p class=\"\">Avant de se rendre place d\u2019Italie, ce convoi \u00e9tait ce matin devant le si\u00e8ge de Lidl France, dans les Hauts-de-Seine, pour exiger un rendez-vous avec la direction. L\u2019Apli reproche notamment \u00e0 l\u2019enseigne de grande distribution de tenir un double discours. \u00ab Dans leur communication, ils mettent en avant la collaboration avec les producteurs fran\u00e7ais, mais dans les faits, ils se fournissent de plus en plus aupr\u00e8s d\u2019autres pays europ\u00e9ens \u00bb, affirme Adrien Lef\u00e8vre.<\/p>\n<p class=\"\">Selon l\u2019Apli, la direction de Lidl a refus\u00e9 de recevoir les producteurs ce jeudi matin, leur proposant un rendez-vous la semaine prochaine. En r\u00e9ponse, les manifestants &#8211; qui ont estim\u00e9 que la date \u00e9tait trop lointaine &#8211; ont d\u00e9vers\u00e9 plusieurs litres de lait et d\u2019\u0153ufs devant les locaux.<\/p>\n<p class=\"\">\u00ab On est pr\u00eats \u00e0 bloquer les cinq centrales de distribution d\u2019\u00cele-de-France d\u00e8s ce soir si nous n\u2019obtenons pas de rendez-vous \u00bb, met en garde Adrien Lef\u00e8vre. Dans ce cas, \u00ab ce serait 250 magasins qui ne seraient pas approvisionn\u00e9s demain \u00bb, poursuit-il, pr\u00e9cisant qu\u2019un d\u00e9p\u00f4t de manifestation a d\u00e9j\u00e0 \u00e9t\u00e9 effectu\u00e9 pour<a href=\"https:\/\/www.leparisien.fr\/seine-et-marne-77\/meaux-lidl-inaugure-sa-plus-grande-plateforme-logistique-de-la-region-parisienne-16-09-2022-W7QR4CLIHVEBJNYKGIKWBTC4V4.php\" target=\"_blank\" rel=\"noreferrer noopener\"> la base de Maux (Seine-et-Marne)<\/a>.<\/p>\n","protected":false},"excerpt":{"rendered":"Sous le bruit des klaxons et des applaudissements, un convoi de producteurs de lait a d\u00e9ambul\u00e9 ce jeudi&hellip;\n","protected":false},"author":2,"featured_media":666859,"comment_status":"","ping_status":"","sticky":false,"template":"","format":"standard","meta":{"footnotes":""},"categories":[1888],"tags":[11,33,1777,674,1011,27,12,626,25],"class_list":{"0":"post-666858","1":"post","2":"type-post","3":"status-publish","4":"format-standard","5":"has-post-thumbnail","7":"category-paris","8":"tag-actualites","9":"tag-economie","10":"tag-eu","11":"tag-europe","12":"tag-fr","13":"tag-france","14":"tag-news","15":"tag-paris","16":"tag-republique-francaise"},"share_on_mastodon":{"url":"https:\/\/pubeurope.com\/@fr\/115902791278788322","error":""},"_links":{"self":[{"href":"https:\/\/www.europesays.com\/fr\/wp-json\/wp\/v2\/posts\/666858","targetHints":{"allow":["GET"]}}],"collection":[{"href":"https:\/\/www.europesays.com\/fr\/wp-json\/wp\/v2\/posts"}],"about":[{"href":"https:\/\/www.europesays.com\/fr\/wp-json\/wp\/v2\/types\/post"}],"author":[{"embeddable":true,"href":"https:\/\/www.europesays.com\/fr\/wp-json\/wp\/v2\/users\/2"}],"replies":[{"embeddable":true,"href":"https:\/\/www.europesays.com\/fr\/wp-json\/wp\/v2\/comments?post=666858"}],"version-history":[{"count":0,"href":"https:\/\/www.europesays.com\/fr\/wp-json\/wp\/v2\/posts\/666858\/revisions"}],"wp:featuredmedia":[{"embeddable":true,"href":"https:\/\/www.europesays.com\/fr\/wp-json\/wp\/v2\/media\/666859"}],"wp:attachment":[{"href":"https:\/\/www.europesays.com\/fr\/wp-json\/wp\/v2\/media?parent=666858"}],"wp:term":[{"taxonomy":"category","embeddable":true,"href":"https:\/\/www.europesays.com\/fr\/wp-json\/wp\/v2\/categories?post=666858"},{"taxonomy":"post_tag","embeddable":true,"href":"https:\/\/www.europesays.com\/fr\/wp-json\/wp\/v2\/tags?post=666858"}],"curies":[{"name":"wp","href":"https:\/\/api.w.org\/{rel}","templated":true}]}}