{"id":66687,"date":"2025-05-01T10:38:21","date_gmt":"2025-05-01T10:38:21","guid":{"rendered":"https:\/\/www.europesays.com\/fr\/66687\/"},"modified":"2025-05-01T10:38:21","modified_gmt":"2025-05-01T10:38:21","slug":"nancy-acquitte-pour-les-actes-de-torture-5-ans-pour-des-violences","status":"publish","type":"post","link":"https:\/\/www.europesays.com\/fr\/66687\/","title":{"rendered":"Nancy. Acquitt\u00e9 pour les actes de torture, 5 ans pour des violences"},"content":{"rendered":"<p><a href=\"https:\/\/www.estrepublicain.fr\/faits-divers-justice\/2025\/04\/28\/juge-pour-des-actes-de-torture-et-de-barbarie-sur-son-codetenu\" target=\"_blank\" rel=\"nofollow noopener\">Jug\u00e9 depuis trois jours<\/a> pour des actes de torture et de barbarie commis sur un cod\u00e9tenu \u00e0 la maison d\u2019arr\u00eat de Nancy-Max\u00e9ville, Yann Loppinet, 53 ans, a \u00e9t\u00e9 acquitt\u00e9 ce mercredi pour ce crime par la cour d\u2019assises de Meurthe-et-Moselle. La juridiction a requalifi\u00e9 les faits en \u00ab\u00a0violences volontaires avec ITT sup\u00e9rieure \u00e0 8 jours sur personne vuln\u00e9rable\u00a0\u00bb. L\u2019accus\u00e9, en d\u00e9tention provisoire depuis plus de trois ans, a \u00e9cop\u00e9 de 5 ans ferme. Au terme de ses r\u00e9quisitions, l\u2019avocat g\u00e9n\u00e9ral avait r\u00e9clam\u00e9 15 ans avec une p\u00e9riode de s\u00fbret\u00e9 des deux tiers. Le parquet a dix jours pour faire appel.<\/p>\n<p>La derni\u00e8re journ\u00e9e de ce proc\u00e8s tr\u00e8s instructif sur les conditions de d\u00e9tention des prisonniers en France a d\u00e9but\u00e9 par&#8230;<\/p>\n","protected":false},"excerpt":{"rendered":"Jug\u00e9 depuis trois jours pour des actes de torture et de barbarie commis sur un cod\u00e9tenu \u00e0 la&hellip;\n","protected":false},"author":2,"featured_media":66688,"comment_status":"","ping_status":"","sticky":false,"template":"","format":"standard","meta":{"footnotes":""},"categories":[9635],"tags":[1111,11,1704,1777,674,274,1011,27,775,3457,1702,1703,12,3456,25],"class_list":{"0":"post-66687","1":"post","2":"type-post","3":"status-publish","4":"format-standard","5":"has-post-thumbnail","7":"category-nancy","8":"tag-actu","9":"tag-actualites","10":"tag-edition-nancy-et-agglomeration","11":"tag-eu","12":"tag-europe","13":"tag-faits-divers-justice","14":"tag-fr","15":"tag-france","16":"tag-grand-est","17":"tag-meurthe-et-moselle","18":"tag-nancy","19":"tag-nancy-ville-54b","20":"tag-news","21":"tag-region-lorraine","22":"tag-republique-francaise"},"share_on_mastodon":{"url":"https:\/\/pubeurope.com\/@fr\/114432147804644272","error":""},"_links":{"self":[{"href":"https:\/\/www.europesays.com\/fr\/wp-json\/wp\/v2\/posts\/66687","targetHints":{"allow":["GET"]}}],"collection":[{"href":"https:\/\/www.europesays.com\/fr\/wp-json\/wp\/v2\/posts"}],"about":[{"href":"https:\/\/www.europesays.com\/fr\/wp-json\/wp\/v2\/types\/post"}],"author":[{"embeddable":true,"href":"https:\/\/www.europesays.com\/fr\/wp-json\/wp\/v2\/users\/2"}],"replies":[{"embeddable":true,"href":"https:\/\/www.europesays.com\/fr\/wp-json\/wp\/v2\/comments?post=66687"}],"version-history":[{"count":0,"href":"https:\/\/www.europesays.com\/fr\/wp-json\/wp\/v2\/posts\/66687\/revisions"}],"wp:featuredmedia":[{"embeddable":true,"href":"https:\/\/www.europesays.com\/fr\/wp-json\/wp\/v2\/media\/66688"}],"wp:attachment":[{"href":"https:\/\/www.europesays.com\/fr\/wp-json\/wp\/v2\/media?parent=66687"}],"wp:term":[{"taxonomy":"category","embeddable":true,"href":"https:\/\/www.europesays.com\/fr\/wp-json\/wp\/v2\/categories?post=66687"},{"taxonomy":"post_tag","embeddable":true,"href":"https:\/\/www.europesays.com\/fr\/wp-json\/wp\/v2\/tags?post=66687"}],"curies":[{"name":"wp","href":"https:\/\/api.w.org\/{rel}","templated":true}]}}