{"id":666883,"date":"2026-01-16T04:21:11","date_gmt":"2026-01-16T04:21:11","guid":{"rendered":"https:\/\/www.europesays.com\/fr\/666883\/"},"modified":"2026-01-16T04:21:11","modified_gmt":"2026-01-16T04:21:11","slug":"avant-daffronter-le-fc-nantes-le-paris-fc-realise-un-gros-coup-sur-le-mercato","status":"publish","type":"post","link":"https:\/\/www.europesays.com\/fr\/666883\/","title":{"rendered":"Avant d\u2019affronter le FC Nantes, le Paris FC r\u00e9alise un gros coup sur le mercato."},"content":{"rendered":"<p>\u00c0 72 heures du coup d\u2019envoi, le club parisien va se renforcer avec l\u2019arriv\u00e9e de l\u2019ancien R\u00e9mois Marshall Munetsi, qui arrive de Wolverhampton (Angleterre).<\/p>\n<p data-start=\"243\" data-end=\"564\">Dans ce choc pour le maintien, le temps para\u00eet long jusqu\u2019au coup d\u2019envoi de la rencontre entre Nantais et Parisiens. Un temps long que pourrait mettre \u00e0 profit le Paris FC en validant le pr\u00eat de Marshall Munetsi. En effet, selon <a href=\"https:\/\/www.lequipe.fr\/Football\/Actualites\/Mercato-le-milieu-de-wolverhampton-marshall-munetsi-tout-proche-du-paris-fc\/1633584\" target=\"_blank\" rel=\"noopener\">L\u2019\u00c9quipe<\/a>, le milieu de Wolverhampton devrait rejoindre le Paris FC sans option d\u2019achat.<\/p>\n<p data-start=\"566\" data-end=\"1000\">Alors sera-t-il d\u2019ores et d\u00e9j\u00e0 pr\u00eat pour ce d\u00e9placement \u00e0 la Beaujoire ? Une chose est s\u00fbre, c\u2019est que le PFC en aurait bien besoin, surtout avec l\u2019absence probable de Pierre Lees-Melou dans l\u2019entrejeu parisien. Du haut de ses 29 ans, le milieu zimbabw\u00e9en a disput\u00e9 pr\u00e8s de 150 matchs de Ligue 1 avec le Stade de Reims depuis son arriv\u00e9e en 2019 jusqu\u2019\u00e0 son d\u00e9part contre pr\u00e8s de 20 millions d\u2019euros \u00e0 Wolverhampton en janvier 2025.<\/p>\n<blockquote class=\"twitter-tweet\" data-width=\"550\" data-dnt=\"true\">\n<p lang=\"fr\" dir=\"ltr\">\ud83d\udea8<a href=\"https:\/\/twitter.com\/hashtag\/ParisFC?src=hash&amp;ref_src=twsrc%5Etfw\" target=\"_blank\" rel=\"noopener\">#ParisFC<\/a> <\/p>\n<p>\u2705Marshall Munetsi est \u00e0 Paris. Le milieu de terrain doit passer sa visite m\u00e9dicale avec le Paris FC cet apr\u00e8s midi. Il va s&rsquo;engager dans la foul\u00e9e pour un pr\u00eat de six mois. <a href=\"https:\/\/t.co\/Plz4Tckg8c\">https:\/\/t.co\/Plz4Tckg8c<\/a><\/p>\n<p>\u2014 S\u00e9bastien Denis (@sebnonda) <a href=\"https:\/\/twitter.com\/sebnonda\/status\/2011762306192195713?ref_src=twsrc%5Etfw\" target=\"_blank\" rel=\"noopener\">January 15, 2026<\/a><\/p>\n<\/blockquote>\n<p data-start=\"1002\" data-end=\"1217\" data-is-last-node=\"\" data-is-only-node=\"\">Milieu d\u00e9fensif qui se projette beaucoup avec tout son gabarit (1m87) et son impact physique, c\u2019est un renfort de poids pour le Paris FC dans cette course au maintien qui s\u2019amorce sur cette seconde partie de saison.<\/p>\n<p><script async src=\"https:\/\/platform.twitter.com\/widgets.js\" charset=\"utf-8\"><\/script><\/p>\n","protected":false},"excerpt":{"rendered":"\u00c0 72 heures du coup d\u2019envoi, le club parisien va se renforcer avec l\u2019arriv\u00e9e de l\u2019ancien R\u00e9mois Marshall&hellip;\n","protected":false},"author":2,"featured_media":666884,"comment_status":"","ping_status":"","sticky":false,"template":"","format":"standard","meta":{"footnotes":""},"categories":[1410],"tags":[63,1011,27,60],"class_list":{"0":"post-666883","1":"post","2":"type-post","3":"status-publish","4":"format-standard","5":"has-post-thumbnail","7":"category-football","8":"tag-football","9":"tag-fr","10":"tag-france","11":"tag-sports"},"share_on_mastodon":{"url":"https:\/\/pubeurope.com\/@fr\/115902865967288689","error":""},"_links":{"self":[{"href":"https:\/\/www.europesays.com\/fr\/wp-json\/wp\/v2\/posts\/666883","targetHints":{"allow":["GET"]}}],"collection":[{"href":"https:\/\/www.europesays.com\/fr\/wp-json\/wp\/v2\/posts"}],"about":[{"href":"https:\/\/www.europesays.com\/fr\/wp-json\/wp\/v2\/types\/post"}],"author":[{"embeddable":true,"href":"https:\/\/www.europesays.com\/fr\/wp-json\/wp\/v2\/users\/2"}],"replies":[{"embeddable":true,"href":"https:\/\/www.europesays.com\/fr\/wp-json\/wp\/v2\/comments?post=666883"}],"version-history":[{"count":0,"href":"https:\/\/www.europesays.com\/fr\/wp-json\/wp\/v2\/posts\/666883\/revisions"}],"wp:featuredmedia":[{"embeddable":true,"href":"https:\/\/www.europesays.com\/fr\/wp-json\/wp\/v2\/media\/666884"}],"wp:attachment":[{"href":"https:\/\/www.europesays.com\/fr\/wp-json\/wp\/v2\/media?parent=666883"}],"wp:term":[{"taxonomy":"category","embeddable":true,"href":"https:\/\/www.europesays.com\/fr\/wp-json\/wp\/v2\/categories?post=666883"},{"taxonomy":"post_tag","embeddable":true,"href":"https:\/\/www.europesays.com\/fr\/wp-json\/wp\/v2\/tags?post=666883"}],"curies":[{"name":"wp","href":"https:\/\/api.w.org\/{rel}","templated":true}]}}