{"id":666885,"date":"2026-01-16T04:22:11","date_gmt":"2026-01-16T04:22:11","guid":{"rendered":"https:\/\/www.europesays.com\/fr\/666885\/"},"modified":"2026-01-16T04:22:11","modified_gmt":"2026-01-16T04:22:11","slug":"apres-delphine-wespiser-cyril-hanouna-annonce-le-retour-dun-chroniqueur-emblematique","status":"publish","type":"post","link":"https:\/\/www.europesays.com\/fr\/666885\/","title":{"rendered":"Apr\u00e8s Delphine Wespiser, Cyril Hanouna annonce le retour d&rsquo;un chroniqueur embl\u00e9matique"},"content":{"rendered":"<p><strong>Dans TBT9 ce jeudi 15 janvier 2026, Cyril Hanouna et les<br \/>\nchroniqueurs ont fait le d\u00e9brief du prime des v\u00e9rit\u00e9s de la<br \/>\nveille.<\/strong> Cette quotidienne a \u00e9galement \u00e9t\u00e9 <a href=\"https:\/\/www.melty.fr\/tele\/guerre-de-jalousie-entre-shana-et-capucine-anav-cyril-hanouna-se-lache-tu-voulais-me-pecho-2289449.html\" target=\"_blank\" rel=\"noopener\"><br \/>\nl\u00a0\u00bboccasion pour Shana et Capucine Anav de mettre les choses \u00e0<br \/>\nplat.<\/a> Les chroniqueurs ont ensuite d\u00e9voil\u00e9 leur moment pr\u00e9f\u00e9r\u00e9<br \/>\ndu prime. Raymond a cit\u00e9 celui o\u00f9 Cyril Hanouna a r\u00e9pondu \u00e0 une<br \/>\nquestion sur Kelly Vedovelli.<\/p>\n<p>Cyril Hanouna cash sur Kelly Vedovelli<\/p>\n<p>Cette question pos\u00e9e par un internaute \u00e9tait la suivante :<br \/>\n\u00ab\u00a0Pourquoi on ne voit plus Kelly dans l&rsquo;\u00e9mission\u00a0\u00bb. Ce \u00e0<br \/>\nquoi Cyril Hanouna a r\u00e9pondu : \u00ab\u00a0<strong>Je lui ai propos\u00e9 de<br \/>\nrejoindre l&rsquo;\u00e9mission sur W9, mais elle ne le sentait plus.<\/strong><br \/>\nElle a d&rsquo;autres projets et \u00e7a se passe tr\u00e8s bien pour elle. Elle<br \/>\nsait qu&rsquo;elle fait partie de la famille et elle sait qu&rsquo;elle peut<br \/>\nm&rsquo;appeler si elle a n&rsquo;importe quel probl\u00e8me et je sais qu&rsquo;elle le<br \/>\nfera. Quoi qu&rsquo;il arrive, elle sait que je suis toujours l\u00e0 pour<br \/>\nelle.\u00a0\u00bb<\/p>\n<p>Il a ensuite insist\u00e9 : \u00ab\u00a0Je lui ai propos\u00e9 de venir encore.<br \/>\nMais elle ne le sent pas, elle a envie de passer \u00e0 autre chose et<br \/>\nje le comprends tout \u00e0 fait. Elle est pass\u00e9e \u00e0 autre chose<br \/>\nprofessionnellement et c&rsquo;est tr\u00e8s bien pour elle. <strong>Elle<br \/>\navait du talent avant d&rsquo;\u00eatre avec nous, elle en a eu pendant<br \/>\nqu&rsquo;elle \u00e9tait avec nous et elle en aura apr\u00e8s notre<br \/>\naventure.<\/strong>\u00ab\u00a0<\/p>\n<p>\u00ab\u00a0Elle fait autre chose, elle est heureuse et c&rsquo;est tr\u00e8s<br \/>\nbien\u00a0\u00bb<\/p>\n<p>Par la suite, Matthieu Delormeau a adress\u00e9 un joli message \u00e0<br \/>\n<a href=\"https:\/\/www.melty.fr\/people\/apres-cyril-hanouna-kelly-vedovelli-officialise-son-couple-ca-va-faire-6-mois-2280954.html\" target=\"_blank\" rel=\"noopener\"><br \/>\nKelly Vedovelli de nouveau en couple.<\/a> \u00ab\u00a0Je trouve Kelly<br \/>\nmagnifique et on a un petit peu tous tendance \u00e0 \u00e9crire un peu moins<br \/>\nquand quelqu&rsquo;un quitte le bateau, mais on y pense quand m\u00eame. Je<br \/>\nl&rsquo;aime beaucoup et je lui fais des bisous. Je lui enverrais un<br \/>\ntexto\u00a0\u00bb, a-t-il dit.<\/p>\n<p>Quant \u00e0 Raymond, il a tenu \u00e0 pr\u00e9ciser : \u00ab\u00a0Comme moi, elle<br \/>\nvenait de nulle part Kelly, elle venait de la rue. Ce n&rsquo;\u00e9tait pas<br \/>\nson m\u00e9tier, elle n&rsquo;\u00e9tait pas programm\u00e9e pour \u00e7a et je trouve que<br \/>\ntoutes les ann\u00e9es o\u00f9 elle a \u00e9t\u00e9 l\u00e0, elle s&rsquo;est tr\u00e8s bien<br \/>\nd\u00e9brouill\u00e9e. <strong>Maintenant, elle ne fait plus de t\u00e9l\u00e9, elle<br \/>\nfait autre chose, elle est heureuse et c&rsquo;est tr\u00e8s bien.<\/strong><br \/>\nMine de rien, ce n&rsquo;est pas \u00e9vident quand tu ne viens pas de l\u00e0. Il<br \/>\ny en a, ce sont des pros de la t\u00e9l\u00e9 et ils ont saut\u00e9 au bout de<br \/>\ndeux semaines.\u00a0\u00bb<\/p>\n<p>Quel chroniqueur est de retour ?<\/p>\n<p>Par la suite, Cyril Hanouna a fait savoir qu&rsquo;un ancien<br \/>\nchroniqueur de TPMP allait rejoindre W9. \u00ab\u00a0Je vous avez dit que<br \/>\nj&rsquo;allais vous annoncer un scoop. <strong>Delphine l&rsquo;a dit hier,<br \/>\nelle revient. Christine Bravo sera l\u00e0 une fois par mois. L\u00e0 je vous<br \/>\nle dis, on est full. Il y a une autre personne&#8230;<\/strong> Je sens<br \/>\nqu&rsquo;il va y avoir un autre retour\u00a0\u00bb, a-t-il l\u00e2ch\u00e9 pour<br \/>\ncommencer. Les chroniqueurs ont alors pens\u00e9 \u00e0 Jean-Michel Maire ou<br \/>\nBenjamin Castaldi.<\/p>\n<p>Cyril Hanouna a fini par annoncer : \u00ab\u00a0Je vais dire la v\u00e9rit\u00e9,<br \/>\ndans la vie, les deux sont s\u00fbrs \u00e0 100% de rien. Je vais dire toute<br \/>\nla v\u00e9rit\u00e9 et m\u00eame eux vont la d\u00e9couvrir \u00e0 l&rsquo;antenne. On me donne<br \/>\ndes infos, mais les personnes concern\u00e9es ne me les donnent<br \/>\npas.\u00a0\u00bb <strong>Il a finalement gard\u00e9 le suspens jusqu&rsquo;\u00e0 la fin<br \/>\nde l&rsquo;\u00e9mission pour au final, dire qu&rsquo;il annoncerait la nouvelle<br \/>\ndemain soir.<\/strong><\/p>\n","protected":false},"excerpt":{"rendered":"Dans TBT9 ce jeudi 15 janvier 2026, Cyril Hanouna et les chroniqueurs ont fait le d\u00e9brief du prime&hellip;\n","protected":false},"author":2,"featured_media":666886,"comment_status":"","ping_status":"","sticky":false,"template":"","format":"standard","meta":{"footnotes":""},"categories":[1359],"tags":[1083,58,59,1011,27,973],"class_list":{"0":"post-666885","1":"post","2":"type-post","3":"status-publish","4":"format-standard","5":"has-post-thumbnail","7":"category-people","8":"tag-cyril-hanouna","9":"tag-divertissement","10":"tag-entertainment","11":"tag-fr","12":"tag-france","13":"tag-people"},"share_on_mastodon":{"url":"https:\/\/pubeurope.com\/@fr\/115902869875097358","error":""},"_links":{"self":[{"href":"https:\/\/www.europesays.com\/fr\/wp-json\/wp\/v2\/posts\/666885","targetHints":{"allow":["GET"]}}],"collection":[{"href":"https:\/\/www.europesays.com\/fr\/wp-json\/wp\/v2\/posts"}],"about":[{"href":"https:\/\/www.europesays.com\/fr\/wp-json\/wp\/v2\/types\/post"}],"author":[{"embeddable":true,"href":"https:\/\/www.europesays.com\/fr\/wp-json\/wp\/v2\/users\/2"}],"replies":[{"embeddable":true,"href":"https:\/\/www.europesays.com\/fr\/wp-json\/wp\/v2\/comments?post=666885"}],"version-history":[{"count":0,"href":"https:\/\/www.europesays.com\/fr\/wp-json\/wp\/v2\/posts\/666885\/revisions"}],"wp:featuredmedia":[{"embeddable":true,"href":"https:\/\/www.europesays.com\/fr\/wp-json\/wp\/v2\/media\/666886"}],"wp:attachment":[{"href":"https:\/\/www.europesays.com\/fr\/wp-json\/wp\/v2\/media?parent=666885"}],"wp:term":[{"taxonomy":"category","embeddable":true,"href":"https:\/\/www.europesays.com\/fr\/wp-json\/wp\/v2\/categories?post=666885"},{"taxonomy":"post_tag","embeddable":true,"href":"https:\/\/www.europesays.com\/fr\/wp-json\/wp\/v2\/tags?post=666885"}],"curies":[{"name":"wp","href":"https:\/\/api.w.org\/{rel}","templated":true}]}}