{"id":666887,"date":"2026-01-16T04:23:10","date_gmt":"2026-01-16T04:23:10","guid":{"rendered":"https:\/\/www.europesays.com\/fr\/666887\/"},"modified":"2026-01-16T04:23:10","modified_gmt":"2026-01-16T04:23:10","slug":"les-villettes-17-photographes-reunis-pour-une-exposition-collective-ce-week-end-a-lenjoliverie","status":"publish","type":"post","link":"https:\/\/www.europesays.com\/fr\/666887\/","title":{"rendered":"Les Villettes : 17 photographes r\u00e9unis pour une exposition collective ce week-end \u00e0 l&rsquo;Enjoliverie"},"content":{"rendered":"<p><strong>Une exposition photos s&rsquo;installe pendant trois jours, de vendredi jusqu&rsquo;\u00e0 dimanche, \u00e0 l&rsquo;Enjoliverie aux Villettes.<\/strong><\/p>\n<p>C&rsquo;est une premi\u00e8re pour ce collectif \u00ab\u00a0Les Photophiles du jeudi\u00a0\u00bb, cr\u00e9\u00e9 en 2025. Ils sont 17 photographes \u00e0 \u00e9changer sur leur approche de la photo sous l&rsquo;oeil avis\u00e9 de Mario\u00a0Dal Zotto qui apporte son expertise.<\/p>\n<p>Chaque photographe pourra montrer son travail avec 3-4 photos sur un th\u00e8me libre.<\/p>\n<p>L&rsquo;exposition est ouverte du vendredi au dimanche de 10 heures \u00e0 18 heures.<\/p>\n","protected":false},"excerpt":{"rendered":"Une exposition photos s&rsquo;installe pendant trois jours, de vendredi jusqu&rsquo;\u00e0 dimanche, \u00e0 l&rsquo;Enjoliverie aux Villettes. C&rsquo;est une premi\u00e8re&hellip;\n","protected":false},"author":2,"featured_media":666888,"comment_status":"","ping_status":"","sticky":false,"template":"","format":"standard","meta":{"footnotes":""},"categories":[1358],"tags":[2281,1348,1384,1385,1386,58,59,2282,1011,27,2280,2284,2285,2283],"class_list":{"0":"post-666887","1":"post","2":"type-post","3":"status-publish","4":"format-standard","5":"has-post-thumbnail","7":"category-arts-et-design","8":"tag-actualite-43","9":"tag-arts","10":"tag-arts-and-design","11":"tag-arts-et-design","12":"tag-design","13":"tag-divertissement","14":"tag-entertainment","15":"tag-faits-divers-auvergne","16":"tag-fr","17":"tag-france","18":"tag-information-haute-loire","19":"tag-infos-43","20":"tag-journal-haute-loire","21":"tag-la-commere-43"},"share_on_mastodon":{"url":"https:\/\/pubeurope.com\/@fr\/115902873783820825","error":""},"_links":{"self":[{"href":"https:\/\/www.europesays.com\/fr\/wp-json\/wp\/v2\/posts\/666887","targetHints":{"allow":["GET"]}}],"collection":[{"href":"https:\/\/www.europesays.com\/fr\/wp-json\/wp\/v2\/posts"}],"about":[{"href":"https:\/\/www.europesays.com\/fr\/wp-json\/wp\/v2\/types\/post"}],"author":[{"embeddable":true,"href":"https:\/\/www.europesays.com\/fr\/wp-json\/wp\/v2\/users\/2"}],"replies":[{"embeddable":true,"href":"https:\/\/www.europesays.com\/fr\/wp-json\/wp\/v2\/comments?post=666887"}],"version-history":[{"count":0,"href":"https:\/\/www.europesays.com\/fr\/wp-json\/wp\/v2\/posts\/666887\/revisions"}],"wp:featuredmedia":[{"embeddable":true,"href":"https:\/\/www.europesays.com\/fr\/wp-json\/wp\/v2\/media\/666888"}],"wp:attachment":[{"href":"https:\/\/www.europesays.com\/fr\/wp-json\/wp\/v2\/media?parent=666887"}],"wp:term":[{"taxonomy":"category","embeddable":true,"href":"https:\/\/www.europesays.com\/fr\/wp-json\/wp\/v2\/categories?post=666887"},{"taxonomy":"post_tag","embeddable":true,"href":"https:\/\/www.europesays.com\/fr\/wp-json\/wp\/v2\/tags?post=666887"}],"curies":[{"name":"wp","href":"https:\/\/api.w.org\/{rel}","templated":true}]}}