{"id":666889,"date":"2026-01-16T04:25:11","date_gmt":"2026-01-16T04:25:11","guid":{"rendered":"https:\/\/www.europesays.com\/fr\/666889\/"},"modified":"2026-01-16T04:25:11","modified_gmt":"2026-01-16T04:25:11","slug":"alain-duhamel-la-retraite-moi-jamais-un-portrait-superficiel-de-leditorialiste-politique-telerama","status":"publish","type":"post","link":"https:\/\/www.europesays.com\/fr\/666889\/","title":{"rendered":"\u201cAlain Duhamel, la retraite moi jamais !\u201d : un portrait superficiel de l\u2019\u00e9ditorialiste politique &#8211; T\u00e9l\u00e9rama"},"content":{"rendered":"<ol>\n<li><a href=\"https:\/\/news.google.com\/rss\/articles\/CBMi1wFBVV95cUxOdVVMOGg5cHhyY2NjWWZPWUplaTB3cHVOcmpqa081dXh1eWlUNmF2aGtjY2R0dFhhMTVEX2RfNkN0VFdueFBlV2ljTkxDeFFSSzEzeU92U014ZnNoUjNXS2JrZEJRSUVUZnoxUnRuZzFJSV9qaEpwcklOMDhGTTVmVWs2QmJyUTNENlZVd2tjSHB0eEVmUC1EQWx3OXpza3E4NlMtM0RKbTk0X3A3WkVwcHRjT0dtbWViSlk2Vm9rU0JTRkg0X3ptUFpIS3pTN05xcXRzTEFlZw?oc=5\" target=\"_blank\" rel=\"noopener\">\u201cAlain Duhamel, la retraite moi jamais !\u201d : un portrait superficiel de l\u2019\u00e9ditorialiste politique<\/a>&nbsp;&nbsp;T\u00e9l\u00e9rama<\/li>\n<li><a href=\"https:\/\/news.google.com\/rss\/articles\/CBMi3wFBVV95cUxNSGlqdnRwanUwajBNT0NHX2R0SFNGaUdtSDRuNExIREF3RzZibnJBZ2ZhSDlLY1pSeWNQSUhMM3F1ai1zRS15MDNWY2U3VGpfRGNXRWY0NHVqY1c0UDJ3VWVGcXdEek10SjZ5Sy16R19RM0M0bEFJX1FvLWpVYkw4dGJwSHNEd0pTOElqdzFqRV9FWGZma0dYNjVNbXpnUXd3WDNuZDNCMThlczZQVHhya3ROeGJkTUJiUy0wczk2b2tuMUpOMU5zeldQWFFVYjRLemdqQ293XzhXcVNSb3pv?oc=5\" target=\"_blank\" rel=\"noopener\">\u00abIl manque de culture\u00bb : Alain Duhamel charge Jordan Bardella et Marine Le Pen dans \u00abC \u00e0 vous\u00bb<\/a>&nbsp;&nbsp;TV Magazine<\/li>\n<li><a href=\"https:\/\/news.google.com\/rss\/articles\/CBMinAFBVV95cUxOeGppNWpseFdSbmdzdDN5WkdwS0pPV1g0R1Y4VDZQVlU1UjZBOUEwaUVIb2owSGRVVm9oQ3d6OWF4NG1kcUFwRFhfb3dYYjJkb0VyWGwzNHVFaE0wUkxBUjZIdm5jWVk5d1BsSExaNHFMTUZhRlNoUl85VWNTZ2otN2JVYlhTa2xWai1ELTdfVEVER0ttQnN4NU1DbXg?oc=5\" target=\"_blank\" rel=\"noopener\">Invit\u00e9s : Alain Duhamel, Mathilde Lemaire en replay &#8211; C \u00e0 vous<\/a>&nbsp;&nbsp;France TV<\/li>\n<li><a href=\"https:\/\/news.google.com\/rss\/articles\/CBMi7wFBVV95cUxNUHhwZjJmTWNhMHhFXzFyN0FhaG9rOVFUTGQxdXp4aGlWZ29HRF9oUC1nUDh4djZOTGJOcThfemFzZExseFRzSzZxeERkXy1LaHBUN1dWVHBCREpxU0FwVUhkS3R1cHV6aVhHY2FYOGZ6MWpuTjlnc1pjcTVXajB4ekVEbW01SE5abl9SdjIxa0liYlNPcFR3UHVOdk9QaHVnRDl6aEdKM2NGMkJpc3hxYk5iU2ZMSl9YSmI3bWdXQWhmcF9xYkRMR2lYcHlBVTlvOU9iVXVEOTVfdi0xYnRQQldDOWM4REljS1l3MG5SUQ?oc=5\" target=\"_blank\" rel=\"noopener\">Robert Badinter, Marine Le Pen, S\u00e9bastien Lecornu&#8230; Alain Duhamel croque les fauves de la R\u00e9publique<\/a>&nbsp;&nbsp;L&rsquo;Express<\/li>\n<\/ol>\n","protected":false},"excerpt":{"rendered":"\u201cAlain Duhamel, la retraite moi jamais !\u201d : un portrait superficiel de l\u2019\u00e9ditorialiste politique&nbsp;&nbsp;T\u00e9l\u00e9rama \u00abIl manque de culture\u00bb&hellip;\n","protected":false},"author":2,"featured_media":666890,"comment_status":"","ping_status":"","sticky":false,"template":"","format":"standard","meta":{"footnotes":""},"categories":[1356],"tags":[58,59,1011,27,252,1364],"class_list":{"0":"post-666889","1":"post","2":"type-post","3":"status-publish","4":"format-standard","5":"has-post-thumbnail","7":"category-television","8":"tag-divertissement","9":"tag-entertainment","10":"tag-fr","11":"tag-france","12":"tag-television","13":"tag-tv"},"share_on_mastodon":{"url":"https:\/\/pubeurope.com\/@fr\/115902881691401383","error":""},"_links":{"self":[{"href":"https:\/\/www.europesays.com\/fr\/wp-json\/wp\/v2\/posts\/666889","targetHints":{"allow":["GET"]}}],"collection":[{"href":"https:\/\/www.europesays.com\/fr\/wp-json\/wp\/v2\/posts"}],"about":[{"href":"https:\/\/www.europesays.com\/fr\/wp-json\/wp\/v2\/types\/post"}],"author":[{"embeddable":true,"href":"https:\/\/www.europesays.com\/fr\/wp-json\/wp\/v2\/users\/2"}],"replies":[{"embeddable":true,"href":"https:\/\/www.europesays.com\/fr\/wp-json\/wp\/v2\/comments?post=666889"}],"version-history":[{"count":0,"href":"https:\/\/www.europesays.com\/fr\/wp-json\/wp\/v2\/posts\/666889\/revisions"}],"wp:featuredmedia":[{"embeddable":true,"href":"https:\/\/www.europesays.com\/fr\/wp-json\/wp\/v2\/media\/666890"}],"wp:attachment":[{"href":"https:\/\/www.europesays.com\/fr\/wp-json\/wp\/v2\/media?parent=666889"}],"wp:term":[{"taxonomy":"category","embeddable":true,"href":"https:\/\/www.europesays.com\/fr\/wp-json\/wp\/v2\/categories?post=666889"},{"taxonomy":"post_tag","embeddable":true,"href":"https:\/\/www.europesays.com\/fr\/wp-json\/wp\/v2\/tags?post=666889"}],"curies":[{"name":"wp","href":"https:\/\/api.w.org\/{rel}","templated":true}]}}