{"id":666891,"date":"2026-01-16T04:26:10","date_gmt":"2026-01-16T04:26:10","guid":{"rendered":"https:\/\/www.europesays.com\/fr\/666891\/"},"modified":"2026-01-16T04:26:10","modified_gmt":"2026-01-16T04:26:10","slug":"le-phenomene-debarque-pour-un-concert-a-la-reunion","status":"publish","type":"post","link":"https:\/\/www.europesays.com\/fr\/666891\/","title":{"rendered":"le ph\u00e9nom\u00e8ne d\u00e9barque pour un concert \u00e0 La R\u00e9union"},"content":{"rendered":"<p>\n\t\t<strong>Ce samedi 17 et ce dimanche 18 janvier 2026, Alexiane Broque et Doryan Ben, les voix fran\u00e7aises officielles de K-Pop Demon Hunters, le film ayant battu tous les records sur Netflix, d\u00e9barquent \u00e0 La R\u00e9union pour deux concerts \u00e0 la Nordev (Saint-Denis). Ces concerts, produit et imagin\u00e9 par SHMevents, marquent une premi\u00e8re mondiale, avec deux shows in\u00e9dits con\u00e7us exclusivement pour l&rsquo;\u00eele. (Photos vg\/www.imazpress.com et SHMevents)<\/strong>\n\t<\/p>\n<p>\nL&rsquo;engouement du public r\u00e9unionnais a \u00e9t\u00e9 imm\u00e9diat et spectaculaire d\u00e8s l&rsquo;annonce des concerts.\u00a0Les places pour la premi\u00e8re date sont parties en moins de 48 heures.\u00a0La seconde date a affich\u00e9 complet sur les places assises en moins de deux minutes.<\/p>\n<p>\nPour la premi\u00e8re fois \u00e0 La R\u00e9union, le public pourra d\u00e9couvrir ce ph\u00e9nom\u00e8ne mondial \u00e0 travers une exp\u00e9rience sc\u00e9nique m\u00ealant univers K-Pop, pop, performances vocales et visuelles et mise en sc\u00e8ne originale ainsi que de nombreuses surprises.<\/p>\n<p>\nImaz Press est all\u00e9e rencontrer\u00a0Alexiane Broque et Dorian Ben, les voix fran\u00e7aises officielles de K-Pop Demon Hunters :<\/p>\n<blockquote class=\"instagram-media\" data-instgrm-captioned=\"\" data-instgrm-permalink=\"https:\/\/www.instagram.com\/reel\/DTib9zDDN_8\/?utm_source=ig_embed&amp;utm_campaign=loading\" data-instgrm-version=\"14\" style=\" background:#FFF; border:0; border-radius:3px; box-shadow:0 0 1px 0 rgba(0,0,0,0.5),0 1px 10px 0 rgba(0,0,0,0.15); margin: 1px; max-width:540px; min-width:326px; padding:0; width:99.375%; width:-webkit-calc(100% - 2px); width:calc(100% - 2px);\">\n<\/blockquote>\n<p><b>&#8211; Le Programme &#8211;<\/b><\/p>\n<p>\n\u2022 16h00 : Ouverture des portes<br \/>\u2022\u00a017h00 : DJ set immersif vid\u00e9o par Harold Ba<br \/>\u2022 18h00 : D\u00e9but des concerts : Micka\u00ebl Pouvin en ouverture de show puis Alexiane Broque et Dorian Ben, les voix fran\u00e7aises officielles de K-pop Demon Hunters<\/p>\n<p>\nDe nombreuses surprises viendront ponctuer la soir\u00e9e, pour les petits et les plus grands. Des stands de restauration et de boissons seront pr\u00e9sents sur place.<\/p>\n<p>\nPour\u00a0Sarah Hugon de SHMevents, c&rsquo;est une fiert\u00e9 d&rsquo;avoir r\u00e9ussi \u00e0 produire cet \u00e9v\u00e9nement \u00e0 La R\u00e9union : \u00ab\u00a0Nous sommes capables de cr\u00e9er ce type de concerts d&rsquo;envergure, en y associant nos talents r\u00e9unionnais, artistes, DJ et danseurs locaux. C&rsquo;est aussi un projet qui cr\u00e9e l&#8217;emploi de plusieurs dizaines de personnes \u00e0 l&rsquo;occasion de ces deux dates exceptionnelles\u00a0\u00bb.<\/p>\n<p><b>\u00c9coutez la version fran\u00e7aise de la chanson \u00ab\u00a0Briller\u00a0\u00bb.<\/b><\/p>\n<\/p>\n<p><b>&#8211; \u00ab\u00a0Golden\u00a0\u00bb de Kpop Demon Hunters prim\u00e9 aux Golden Globes ! &#8211;<\/b><\/p>\n<p>\nLe film sud-cor\u00e9en a re\u00e7u de nombreux prix :\u00a0plus de 110 nominations dans diverses c\u00e9r\u00e9monies internationales, 80 troph\u00e9es gagn\u00e9s. Les deux plus r\u00e9cents ont \u00e9t\u00e9 d\u00e9croch\u00e9s lors de la 83\u00e8me c\u00e9r\u00e9monie du concours am\u00e9ricain.\u00a0Kpop Demon Hunters a re\u00e7u les distinctions de meilleur film d&rsquo;animation, mais aussi celle de la meilleure chanson originale avec \u00ab\u00a0Golden\u00a0\u00bb. <b>\u00c9coutez<\/b>.<\/p>\n<\/p>\n<p>\nEntre meilleur film d\u2019animation et meilleure chanson originale, le ph\u00e9nom\u00e8ne KPop Demon Hunters consolide sa place incontournable dans l\u2019industrie.<\/p>\n<p>\nLe film a explos\u00e9 les compteurs sur Netflix, devenant l\u2019animation la plus visionn\u00e9e de l\u2019histoire de la plateforme.\u00a0<\/p>\n<p><b>vg et ma.m\/www.imazpress.com\/<a href=\"https:\/\/imazpress.com\/cdn-cgi\/l\/email-protection\" class=\"__cf_email__\" data-cfemail=\"572532333634173e27253222393e38397934383a\" target=\"_blank\" rel=\"noopener\">[email\u00a0protected]<\/a><\/b><\/p>\n<p class=\"article__tags\">Culture, Concert, Saint-Denis, Nordev, Kpop, SHMevents, K-Pop Demon Hunters, Netflix<\/p>\n<p>\t\t\t\t\t\t\t\t\t\t\t\t\t<script async src=\"\/\/www.instagram.com\/embed.js\"><\/script><\/p>\n","protected":false},"excerpt":{"rendered":"Ce samedi 17 et ce dimanche 18 janvier 2026, Alexiane Broque et Doryan Ben, les voix fran\u00e7aises officielles&hellip;\n","protected":false},"author":2,"featured_media":666892,"comment_status":"","ping_status":"","sticky":false,"template":"","format":"standard","meta":{"footnotes":""},"categories":[1355],"tags":[58,59,1011,27,1361,873],"class_list":{"0":"post-666891","1":"post","2":"type-post","3":"status-publish","4":"format-standard","5":"has-post-thumbnail","7":"category-musique","8":"tag-divertissement","9":"tag-entertainment","10":"tag-fr","11":"tag-france","12":"tag-music","13":"tag-musique"},"share_on_mastodon":{"url":"https:\/\/pubeurope.com\/@fr\/115902885699130293","error":""},"_links":{"self":[{"href":"https:\/\/www.europesays.com\/fr\/wp-json\/wp\/v2\/posts\/666891","targetHints":{"allow":["GET"]}}],"collection":[{"href":"https:\/\/www.europesays.com\/fr\/wp-json\/wp\/v2\/posts"}],"about":[{"href":"https:\/\/www.europesays.com\/fr\/wp-json\/wp\/v2\/types\/post"}],"author":[{"embeddable":true,"href":"https:\/\/www.europesays.com\/fr\/wp-json\/wp\/v2\/users\/2"}],"replies":[{"embeddable":true,"href":"https:\/\/www.europesays.com\/fr\/wp-json\/wp\/v2\/comments?post=666891"}],"version-history":[{"count":0,"href":"https:\/\/www.europesays.com\/fr\/wp-json\/wp\/v2\/posts\/666891\/revisions"}],"wp:featuredmedia":[{"embeddable":true,"href":"https:\/\/www.europesays.com\/fr\/wp-json\/wp\/v2\/media\/666892"}],"wp:attachment":[{"href":"https:\/\/www.europesays.com\/fr\/wp-json\/wp\/v2\/media?parent=666891"}],"wp:term":[{"taxonomy":"category","embeddable":true,"href":"https:\/\/www.europesays.com\/fr\/wp-json\/wp\/v2\/categories?post=666891"},{"taxonomy":"post_tag","embeddable":true,"href":"https:\/\/www.europesays.com\/fr\/wp-json\/wp\/v2\/tags?post=666891"}],"curies":[{"name":"wp","href":"https:\/\/api.w.org\/{rel}","templated":true}]}}