{"id":666895,"date":"2026-01-16T04:28:16","date_gmt":"2026-01-16T04:28:16","guid":{"rendered":"https:\/\/www.europesays.com\/fr\/666895\/"},"modified":"2026-01-16T04:28:16","modified_gmt":"2026-01-16T04:28:16","slug":"deux-nouveaux-chirurgiens-a-lhopital","status":"publish","type":"post","link":"https:\/\/www.europesays.com\/fr\/666895\/","title":{"rendered":"deux nouveaux chirurgiens \u00e0 l&rsquo;h\u00f4pital"},"content":{"rendered":"<p>                    Par<br \/>\n        <strong><br \/>\n            <a href=\"https:\/\/actu.fr\/auteur\/remi-charrondiere\" title=\"Consulter tous les articles de R\u00e9mi Charrondi\u00e8re\" target=\"_blank\" rel=\"noopener\">R\u00e9mi Charrondi\u00e8re<\/a><br \/>\n                    <\/strong><\/p>\n<p>        Publi\u00e9 le<\/p>\n<p>            14 janv. 2026 \u00e0 18h00        <\/p>\n<p>Tous les <b>mercredis <\/b>depuis d\u00e9but novembre, le centre <b>hospitalier <\/b>de <a href=\"https:\/\/actu.fr\/bretagne\/fougeres_35115\/\" target=\"_blank\" rel=\"noopener\">Foug\u00e8res<\/a> (Ille-et-Vilaine) accueille deux nouveaux <b>m\u00e9decins <\/b>: des chirurgiens visc\u00e9raux, tous deux \u00e2g\u00e9s de <b>34 ans<\/b>, qui exercent le reste du temps au CHU de Rennes.<\/p>\n<p class=\" wall-content\">Cette arriv\u00e9e s\u2019inscrit dans un programme de renforcement de la <b>coop\u00e9ration <\/b>avec le CHU. Des praticiens de plusieurs disciplines <a href=\"https:\/\/actu.fr\/bretagne\/fougeres_35115\/medecins-a-fougeres-a-lhopital-un-nouveau-souffle-en-pneumologie_62350976.html\" target=\"_blank\" rel=\"noopener\">rejoignent ainsi r\u00e9guli\u00e8rement les \u00e9quipes fougeraises<\/a>. Et les deux derniers arrivants viennent dans un double <b>objectif <\/b>: apporter leurs <b>comp\u00e9tences <\/b>et leur disponibilit\u00e9, tout en b\u00e9n\u00e9ficiant d\u2019un <b>acc\u00e8s au bloc op\u00e9ratoire<\/b>, pour acc\u00e9l\u00e9rer leurs <b>d\u00e9lais <\/b>de prise en charge.<\/p>\n<p>\u00ab\u00a0Du tube digestif \u00e0 l\u2019anus\u00a0\u00bb<\/p>\n<p class=\" wall-content\">Sp\u00e9cialis\u00e9s dans la <b>chirurgie visc\u00e9rale et digestive<\/b>, les Dr Alexandre <b>Chebaro <\/b>et Raffaele<b> De Rosa <\/b>se chargent de \u00ab\u00a0tout ce qui va du tube digestif \u00e0 l\u2019anus\u00a0\u00bb, r\u00e9sume le premier. \u00ab\u00a0Nous avons le r\u00f4le du <b>chirurgien<\/b> qui fait un peu de <b>tout <\/b>: le <b>tube digestif <\/b>et les glandes <b>intradominales <\/b>(foie, pancr\u00e9as, rate\u2026), \u00e0 l\u2019exception des <b>organes<\/b> <b>g\u00e9nitaux <\/b>et de l\u2019appareil <b>urologique<\/b>.\u00a0\u00bb<\/p>\n<p class=\" wall-content\">Le Dr Alexandre <b>Chebaro<\/b>, form\u00e9 \u00e0 Lille, exerce \u00e0 Rennes, dont il est <b>originaire<\/b>, depuis 5 ans. Son confr\u00e8re, le Dr Raffaele <b>De Rosa<\/b>, a pour sa part \u00e9t\u00e9 form\u00e9 en <b>Italie <\/b>et a ensuite pass\u00e9 un an \u00e0 <b>Paris <\/b>avant de rejoindre le CHU de Rennes en <b>2023.<\/b><\/p>\n<p>Hernies, \u00e9ventrations, v\u00e9sicule biliaire\u2026<\/p>\n<p class=\" wall-content\">S\u2019ils exercent principalement \u00e0 <b>Rennes<\/b>, donc, ces deux praticiens sont <b>pr\u00e9sents <\/b>\u00e0 Foug\u00e8res un jour par semaine, le <b>mercredi<\/b>, en consultation et en op\u00e9ration. Ils viennent <b>renforcer <\/b>une \u00e9quipe de <b>trois chirurgiens <\/b>\u00e0 temps plein, qui assurent la <b>permanence <\/b>des soins, notamment en cas <b>d\u2019urgences <\/b>telles que celles li\u00e9es aux accidents de la route.<\/p>\n<p>Vid\u00e9os : en ce moment sur Actu<\/p>\n<p class=\" wall-content\">Leur discipline est <b>vaste<\/b>, mais certaines op\u00e9rations sont tout de m\u00eame plus <b>fr\u00e9quentes<\/b>. \u00ab\u00a0Celles qui concernent les <b>hernies <\/b>inguinales, les hernies ombilicales, les <b>\u00e9ventrations <\/b>et les interventions sur la <b>v\u00e9sicule biliaire <\/b>sont les plus courantes\u00a0\u00bb, pointe le Dr Chebaro, qui ajoute : \u00ab\u00a0Nous travaillons \u00e9galement lors de <b>cancers digestifs<\/b>, en lien avec des gastro-ent\u00e9rologues\u00a0\u00bb<\/p>\n<p>Votre r\u00e9gion, votre actu !<\/p>\n<p>Recevez chaque jour les infos qui comptent pour vous.<\/p>\n<p>\t<a href=\"https:\/\/actu.fr\/newsletter\" class=\"ac-btn ac-btn--corner ac-btn--medium ac-btn--blue800\" target=\"_blank\" rel=\"noopener\">S&rsquo;incrire<\/a><br \/>\nSeulement deux semaines de d\u00e9lai<\/p>\n<p class=\" wall-content\">Cette nouvelle collaboration pr\u00e9sente un <b>atout majeur <\/b>: \u00ab\u00a0Nous avons seulement un d\u00e9lai de <b>deux semaines <\/b>entre la consultation et <b>l\u2019intervention<\/b> chirurgicale, ce qui est largement <b>inf\u00e9rieur <\/b>\u00e0 Rennes\u00a0\u00bb, appr\u00e9cient les m\u00e9decins, qui b\u00e9n\u00e9ficient \u00e0 Foug\u00e8res d\u2019un <b>acc\u00e8s plus facile <\/b>au bloc op\u00e9ratoire pour tous types d\u2019interventions.<\/p>\n<p class=\" wall-content\">De quoi offrir aux patients un <b>confort appr\u00e9ciable<\/b>. Surtout que \u00ab\u00a0la chirurgie b\u00e9nigne a un impact sur la <b>qualit\u00e9 de vie <\/b>et peut avoir des <b>d\u00e9lais <\/b>longs par rapport \u00e0 la chirurgie maligne, lorsqu\u2019elle est <b>trait\u00e9e <\/b>\u00e0 Rennes\u00a0\u00bb, appuie le Dr De Rosa.\u00a0<\/p>\n<p class=\" wall-content\">Les deux chirurgiens ont en effet des <b>cr\u00e9neaux disponibles <\/b>assez r\u00e9guli\u00e8rement et il arrive ainsi m\u00eame que des patients envoy\u00e9s \u00e0 Rennes soient <b>r\u00e9adress\u00e9s <\/b>\u00e0 Foug\u00e8res.<\/p>\n<p>Reprise des greff\u00e9s du foie<\/p>\n<p class=\" wall-content\">Autre int\u00e9r\u00eat de cette arriv\u00e9e : le Dr Chebaro est sp\u00e9cialis\u00e9 dans la <b>transplantation h\u00e9patique <\/b>(greffe de foie), qu\u2019il pratique au CHU. \u00ab\u00a0Un patient <b>greff\u00e9 <\/b>\u00e0 Rennes et sous anti-rejets peut \u00eatre <b>repris <\/b>ici, en cas d\u2019\u00e9ventration par exemple, ce qui est <b>un plus <\/b>pour le territoire\u00a0\u00bb, appuie-t-il.\u00a0<\/p>\n<p class=\" wall-content\">\u00ab\u00a0\u00c0 Foug\u00e8res, nous voulons d\u00e9velopper <b>l\u2019ambulatoire<\/b>, ce qui signifie que le patient entre le matin pour \u00eatre op\u00e9r\u00e9 et peut ressortir le soir\u00a0\u00bb, ajoute le Dr Chebaro.<\/p>\n<p class=\" wall-content\">De m\u00eame, les praticiens et le centre hospitalier ambitionnent de \u00ab\u00a0construire une vraie <b>fili\u00e8re <\/b>de <b>canc\u00e9rologie publique<\/b>, en lien avec les h\u00e9pato-gastro-ent\u00e9rologues\u00a0\u00bb. Un objectif r\u00e9aliste, au vu de la multidisciplinarit\u00e9 au sein de l\u2019\u00e9tablissement.\u00a0<\/p>\n<p>Pour prendre rendez-vous, vous pouvez contacter l\u2019h\u00f4pital de Foug\u00e8res et demander le secr\u00e9tariat des Dr Chebaro et De Rosa.\u00a0<\/p>\n<p class=\" wall-content\">Personnalisez votre actualit\u00e9 en ajoutant vos villes et m\u00e9dias en favori avec <a href=\"https:\/\/moncompte.actu.fr\" title=\"D\u00e9couvez Mon Actu\" rel=\"nofollow noopener\" data-trk=\"{&quot;cta&quot;:{&quot;action&quot;:&quot;https:\\\/\\\/moncompte.actu.fr&quot;,&quot;category&quot;:&quot;mon compte&quot;,&quot;from&quot;:&quot;article footer&quot;,&quot;name&quot;:&quot;Mon actu&quot;,&quot;type&quot;:&quot;cta&quot;}}\" target=\"_blank\">Mon Actu<\/a>.<\/p>\n","protected":false},"excerpt":{"rendered":"Par R\u00e9mi Charrondi\u00e8re Publi\u00e9 le 14 janv. 2026 \u00e0 18h00 Tous les mercredis depuis d\u00e9but novembre, le centre&hellip;\n","protected":false},"author":2,"featured_media":666896,"comment_status":"","ping_status":"","sticky":false,"template":"","format":"standard","meta":{"footnotes":""},"categories":[10],"tags":[1011,27,72,76715,71,104],"class_list":{"0":"post-666895","1":"post","2":"type-post","3":"status-publish","4":"format-standard","5":"has-post-thumbnail","7":"category-sante","8":"tag-fr","9":"tag-france","10":"tag-health","11":"tag-hopital-de-fougeres","12":"tag-sante","13":"tag-societe"},"share_on_mastodon":{"url":"https:\/\/pubeurope.com\/@fr\/115902893478912734","error":""},"_links":{"self":[{"href":"https:\/\/www.europesays.com\/fr\/wp-json\/wp\/v2\/posts\/666895","targetHints":{"allow":["GET"]}}],"collection":[{"href":"https:\/\/www.europesays.com\/fr\/wp-json\/wp\/v2\/posts"}],"about":[{"href":"https:\/\/www.europesays.com\/fr\/wp-json\/wp\/v2\/types\/post"}],"author":[{"embeddable":true,"href":"https:\/\/www.europesays.com\/fr\/wp-json\/wp\/v2\/users\/2"}],"replies":[{"embeddable":true,"href":"https:\/\/www.europesays.com\/fr\/wp-json\/wp\/v2\/comments?post=666895"}],"version-history":[{"count":0,"href":"https:\/\/www.europesays.com\/fr\/wp-json\/wp\/v2\/posts\/666895\/revisions"}],"wp:featuredmedia":[{"embeddable":true,"href":"https:\/\/www.europesays.com\/fr\/wp-json\/wp\/v2\/media\/666896"}],"wp:attachment":[{"href":"https:\/\/www.europesays.com\/fr\/wp-json\/wp\/v2\/media?parent=666895"}],"wp:term":[{"taxonomy":"category","embeddable":true,"href":"https:\/\/www.europesays.com\/fr\/wp-json\/wp\/v2\/categories?post=666895"},{"taxonomy":"post_tag","embeddable":true,"href":"https:\/\/www.europesays.com\/fr\/wp-json\/wp\/v2\/tags?post=666895"}],"curies":[{"name":"wp","href":"https:\/\/api.w.org\/{rel}","templated":true}]}}