{"id":666897,"date":"2026-01-16T04:29:16","date_gmt":"2026-01-16T04:29:16","guid":{"rendered":"https:\/\/www.europesays.com\/fr\/666897\/"},"modified":"2026-01-16T04:29:16","modified_gmt":"2026-01-16T04:29:16","slug":"pelissier-auxerre-envoie-un-gros-message-a-lens-lannonce-inquietante-de-puel-nice-sur-dante-coup-dur-pour-strasbourg-contre-metz","status":"publish","type":"post","link":"https:\/\/www.europesays.com\/fr\/666897\/","title":{"rendered":"P\u00e9lissier (Auxerre) envoie un gros message \u00e0 Lens, l&rsquo;annonce inqui\u00e9tante de Puel (Nice) sur Dante, coup dur pour Strasbourg contre Metz"},"content":{"rendered":"<p>L&rsquo;AJ Auxerre se d\u00e9place sur la pelouse de Bollaert samedi apr\u00e8s-midi (17h) afin d&rsquo;y d\u00e9fier le Racing Club de Lens. Et si le classement annonce d&#8217;embl\u00e9e un d\u00e9placement difficile pour l&rsquo;AJA, Christophe P\u00e9lissier entend bien regarder droit dans les yeux le leader du championnat : \u00ab\u00a0On attaque cette deuxi\u00e8me partie de saison par du lourd. On sait o\u00f9 on met les pieds, mais on va les regarder les yeux dans les yeux.\u00a0\u00bb<\/p>\n<p>Un discours d&rsquo;autant plus compr\u00e9hensible que les Auxerrois avaient humili\u00e9 les Sang et Or l&rsquo;an dernier sur leur pelouse (4-0). Ambition, tel est le mot d&rsquo;ordre du coach bourguignon : \u00ab\u00a0Il faut jouer ce match-l\u00e0 avec ambition. On va forc\u00e9ment adapter un peu notre fa\u00e7on d\u2019attaquer et de d\u00e9fendre. On a la qualit\u00e9 pour faire un r\u00e9sultat.\u00a0\u00bb<\/p>\n<p>\u00c0 lire aussiAuxerre va regarder Lens \u00ab\u00a0droit dans les yeux\u00a0\u00bb<\/p>\n<p>\u00c0 Nice, on s&rsquo;inqui\u00e8te pour Dante. Alors qu&rsquo;il prendra sa retraite \u00e0 l&rsquo;issue de la saison, le Br\u00e9silien n&rsquo;a plus disput\u00e9 la moindre rencontre depuis le 27 novembre. En conf\u00e9rence de presse, Claude Puel a fait le point sur son capitaine : \u00ab\u00a0Dante poursuit sa remise en route. Il passe des caps tous les jours. C&rsquo;est int\u00e9ressant. Mais vous dire quand il va int\u00e9grer le groupe et \u00eatre comp\u00e9titif pour pr\u00e9tendre \u00e0 jouer, c&rsquo;est son corps qui nous donnera les r\u00e9ponses\u00a0\u00bb a-t-il confi\u00e9 dans des propos rapport\u00e9s par <a href=\"https:\/\/www.lequipe.fr\/Football\/Actualites\/Claude-puel-entraineur-de-nice-dante-son-corps-nous-donnera-les-reponses\/1633699\" target=\"_blank\" rel=\"noopener\">L&rsquo;Equipe<\/a>.<\/p>\n<p>Une chose est s\u00fbre, la patience sera de mise : \u00ab\u00a0Il y aura une question de rythme qu&rsquo;il pourra retrouver. Ce qui est important, c&rsquo;est qu&rsquo;il puisse encha\u00eener les entra\u00eenements pour qu&rsquo;il redevienne comp\u00e9titif pour le groupe\u00a0\u00bb. Pour rappel, le Gym se d\u00e9place sur la pelouse de Toulouse (19h) et esp\u00e8re continuer sur sa bonne lanc\u00e9e depuis l&rsquo;arriv\u00e9e de Puel.<\/p>\n<p>Enfin, \u00e0 Strasbourg, on d\u00e9plore l&rsquo;absence de Mathis Amougou pour la r\u00e9ception de Metz dimanche (15h) dans le derby. Touch\u00e9 \u00e0 une cheville contre Avranches le week-end dernier en Coupe de France, l&rsquo;ancien St\u00e9phanois est contraint de d\u00e9clarer forfait et va devoir se reposer quelques jours selon le quotidien sportif. Gary O&rsquo;Neil devra aussi se passer d&rsquo;Andrew Omobamidele (mollet), d&rsquo;Emmanuel Emegha (cuisse), de Maxi Oyedele et de Gu\u00e9la Dou\u00e9.<\/p>\n<p>\u00a0<\/p>\n<p>\u00a0<\/p>\n<p>\u00a0<\/p>\n<p>   Partagez cette info avec vos amis et vos proches en cliquant ici<br \/> Pour r\u00e9sumer<\/p>\n<p>Auxerre se d\u00e9place \u00e0 Lens avec ambition. Malgr\u00e9 le statut de leader des Sang et Or, Christophe P\u00e9lissier veut regarder son adversaire \u00ab droit dans les yeux \u00bb. Forts du 4-0 inflig\u00e9 l\u2019an pass\u00e9, les Bourguignons croient en un r\u00e9sultat \u00e0 Bollaert.<\/p>\n<p>R\u00e9dacteur<\/p>\n<p><img decoding=\"async\" width=\"76\" height=\"76\" loading=\"lazy\" src=\"https:\/\/www.europesays.com\/fr\/wp-content\/uploads\/2025\/04\/avatar-onze.webp.webp\" alt=\"Nathan Bricout\"\/><\/p>\n","protected":false},"excerpt":{"rendered":"L&rsquo;AJ Auxerre se d\u00e9place sur la pelouse de Bollaert samedi apr\u00e8s-midi (17h) afin d&rsquo;y d\u00e9fier le Racing Club&hellip;\n","protected":false},"author":2,"featured_media":666898,"comment_status":"","ping_status":"","sticky":false,"template":"","format":"standard","meta":{"footnotes":""},"categories":[9],"tags":[1011,27,66,60],"class_list":{"0":"post-666897","1":"post","2":"type-post","3":"status-publish","4":"format-standard","5":"has-post-thumbnail","7":"category-sports","8":"tag-fr","9":"tag-france","10":"tag-ligue-1","11":"tag-sports"},"share_on_mastodon":{"url":"https:\/\/pubeurope.com\/@fr\/115902897517012961","error":""},"_links":{"self":[{"href":"https:\/\/www.europesays.com\/fr\/wp-json\/wp\/v2\/posts\/666897","targetHints":{"allow":["GET"]}}],"collection":[{"href":"https:\/\/www.europesays.com\/fr\/wp-json\/wp\/v2\/posts"}],"about":[{"href":"https:\/\/www.europesays.com\/fr\/wp-json\/wp\/v2\/types\/post"}],"author":[{"embeddable":true,"href":"https:\/\/www.europesays.com\/fr\/wp-json\/wp\/v2\/users\/2"}],"replies":[{"embeddable":true,"href":"https:\/\/www.europesays.com\/fr\/wp-json\/wp\/v2\/comments?post=666897"}],"version-history":[{"count":0,"href":"https:\/\/www.europesays.com\/fr\/wp-json\/wp\/v2\/posts\/666897\/revisions"}],"wp:featuredmedia":[{"embeddable":true,"href":"https:\/\/www.europesays.com\/fr\/wp-json\/wp\/v2\/media\/666898"}],"wp:attachment":[{"href":"https:\/\/www.europesays.com\/fr\/wp-json\/wp\/v2\/media?parent=666897"}],"wp:term":[{"taxonomy":"category","embeddable":true,"href":"https:\/\/www.europesays.com\/fr\/wp-json\/wp\/v2\/categories?post=666897"},{"taxonomy":"post_tag","embeddable":true,"href":"https:\/\/www.europesays.com\/fr\/wp-json\/wp\/v2\/tags?post=666897"}],"curies":[{"name":"wp","href":"https:\/\/api.w.org\/{rel}","templated":true}]}}